{"id":47685,"date":"2026-01-09T10:12:05","date_gmt":"2026-01-09T10:12:05","guid":{"rendered":"https:\/\/haberbesiktas.tr\/?p=47685"},"modified":"2026-01-09T10:12:05","modified_gmt":"2026-01-09T10:12:05","slug":"bursaspordan-tecrubeli-hamle-soner-aydogdu","status":"publish","type":"post","link":"https:\/\/haberbesiktas.tr\/?p=47685","title":{"rendered":"Bursaspor&#8217;dan tecr\u00fcbeli hamle: Soner Aydo\u011fdu"},"content":{"rendered":"<div>\n<div>TFF 2. Lig gruplar\u0131ndan Bursaspor, Trendyol S\u00fcper Lig tak\u0131mlar\u0131ndan Samsunspor&#8217;dan Soner Aydo\u011fdu&#8217;yu tak\u0131m\u0131na katt\u0131.<\/div>\n<div>\u00a0<\/div>\n<div>Bursaspor, devre ortas\u0131 transfer periyodunda tak\u0131m\u0131n\u0131 g\u00fc\u00e7lendirmeye devam ediyor. Ye\u015fil-beyazl\u0131lar Harika Lig&#8217;in deneyimli orta saha oyuncular\u0131ndan Soner Aydo\u011fdu&#8217;yu renklerine ba\u011flad\u0131.<\/div>\n<div>\u00a0<\/div>\n<div>Futbola Gen\u00e7lerbirli\u011fi alt yap\u0131s\u0131nda ba\u015flayan 35 ya\u015f\u0131ndaki Soner Aydo\u011fdu, Trabzonspor, Ba\u015fak\u015fehir, G\u00f6ztepe, Antalyaspor ve Samsunspor&#8217;da forma giydi.<\/div>\n<\/p><\/div>\n","protected":false},"excerpt":{"rendered":"<p>TFF 2. Lig tak\u0131mlar\u0131ndan Bursaspor, devre ortas\u0131 transfer periyodunda kadrosunu S\u00fcper Lig deneyimiyle g\u00fc\u00e7lendirdi.<\/p>\n","protected":false},"author":1,"featured_media":47686,"comment_status":"open","ping_status":"open","sticky":false,"template":"","format":"standard","meta":{"footnotes":""},"categories":[25],"tags":[],"class_list":["post-47685","post","type-post","status-publish","format-standard","has-post-thumbnail","hentry","category-futbol"],"_links":{"self":[{"href":"https:\/\/haberbesiktas.tr\/index.php?rest_route=\/wp\/v2\/posts\/47685","targetHints":{"allow":["GET"]}}],"collection":[{"href":"https:\/\/haberbesiktas.tr\/index.php?rest_route=\/wp\/v2\/posts"}],"about":[{"href":"https:\/\/haberbesiktas.tr\/index.php?rest_route=\/wp\/v2\/types\/post"}],"author":[{"embeddable":true,"href":"https:\/\/haberbesiktas.tr\/index.php?rest_route=\/wp\/v2\/users\/1"}],"replies":[{"embeddable":true,"href":"https:\/\/haberbesiktas.tr\/index.php?rest_route=%2Fwp%2Fv2%2Fcomments&post=47685"}],"version-history":[{"count":1,"href":"https:\/\/haberbesiktas.tr\/index.php?rest_route=\/wp\/v2\/posts\/47685\/revisions"}],"predecessor-version":[{"id":47687,"href":"https:\/\/haberbesiktas.tr\/index.php?rest_route=\/wp\/v2\/posts\/47685\/revisions\/47687"}],"wp:featuredmedia":[{"embeddable":true,"href":"https:\/\/haberbesiktas.tr\/index.php?rest_route=\/wp\/v2\/media\/47686"}],"wp:attachment":[{"href":"https:\/\/haberbesiktas.tr\/index.php?rest_route=%2Fwp%2Fv2%2Fmedia&parent=47685"}],"wp:term":[{"taxonomy":"category","embeddable":true,"href":"https:\/\/haberbesiktas.tr\/index.php?rest_route=%2Fwp%2Fv2%2Fcategories&post=47685"},{"taxonomy":"post_tag","embeddable":true,"href":"https:\/\/haberbesiktas.tr\/index.php?rest_route=%2Fwp%2Fv2%2Ftags&post=47685"}],"curies":[{"name":"wp","href":"https:\/\/api.w.org\/{rel}","templated":true}]}}