{"id":47688,"date":"2026-01-09T10:24:05","date_gmt":"2026-01-09T10:24:05","guid":{"rendered":"https:\/\/haberbesiktas.tr\/?p=47688"},"modified":"2026-01-09T10:24:05","modified_gmt":"2026-01-09T10:24:05","slug":"real-madrid-ispanya-super-kupa-finalinde-barcelonanin-rakibi-oldu","status":"publish","type":"post","link":"https:\/\/haberbesiktas.tr\/?p=47688","title":{"rendered":"Real Madrid, \u0130spanya S\u00fcper Kupa finalinde Barcelona&#8217;n\u0131n rakibi oldu"},"content":{"rendered":"<div>\u0130spanya \u00dcst\u00fcn Kupa yar\u0131 finalinde oynanan Madrid derbisinde Atletico Madrid ile Real Madrid kar\u015f\u0131 kar\u015f\u0131ya geldi.<\/p>\n<p> Suudi Arabistan&#8217;\u0131n Cidde kentindeki King Abdullah Sports City Stadyumu&#8217;nda ezeli rakiplerin kar\u015f\u0131la\u015ft\u0131\u011f\u0131 ma\u00e7ta Real Madrid, Atletico Madrid&#8217;i 2-1 ma\u011flup etti.<\/p>\n<p> Real Madrid&#8217;e final biletini getiren golleri 2. dakikada <strong>Federico Valverde<\/strong> ve 55. dakikada <strong>Rodrygo<\/strong> att\u0131. <\/p>\n<p> Atletico&#8217;nun tek gol\u00fc ise 58. dakikada Fenerbah\u00e7e&#8217;nin transfer g\u00fcndeminde yer alan <strong>Alexander S\u00f6rloth<\/strong>&#8216;tan geldi.<\/p>\n<blockquote class=\"twitter-tweet\" data-width=\"500\" data-dnt=\"true\">\n<p lang=\"tr\" dir=\"ltr\">\ud83d\ude80\ud83d\ude80VALVERDE&#39;DEN MUAZZAM FR\u0130K\u0130K GOL\u00dc; \u015eUT DE\u011e\u0130L F\u00dcZE G\u00d6NDERD\u0130! <a href=\"https:\/\/t.co\/z58KxLBJsZ\" rel=\"nofollow\">pic.twitter.com\/z58KxLBJsZ<\/a><\/p>\n<p>&mdash; Sporx (@sporx) <a href=\"https:\/\/twitter.com\/sporx\/status\/2009344105843929089?ref_src=twsrc%5Etfw\" rel=\"nofollow noopener\" target=\"_blank\">January 8, 2026<\/a><\/p><\/blockquote>\n<p><script async src=\"https:\/\/platform.twitter.com\/widgets.js\" charset=\"utf-8\"><\/script><\/p>\n<blockquote class=\"twitter-tweet\" data-width=\"500\" data-dnt=\"true\">\n<p lang=\"tr\" dir=\"ltr\">Real Madrid, Rodrygo ile 2-0&#39;\u0131 buluyor! \u26bd\ufe0f <a href=\"https:\/\/t.co\/B1xmUqFhl2\" rel=\"nofollow\">pic.twitter.com\/B1xmUqFhl2<\/a><\/p>\n<p>&mdash; Sporx (@sporx) <a href=\"https:\/\/twitter.com\/sporx\/status\/2009359813877051839?ref_src=twsrc%5Etfw\" rel=\"nofollow noopener\" target=\"_blank\">January 8, 2026<\/a><\/p><\/blockquote>\n<p><script async src=\"https:\/\/platform.twitter.com\/widgets.js\" charset=\"utf-8\"><\/script><\/p>\n<blockquote class=\"twitter-tweet\" data-width=\"500\" data-dnt=\"true\">\n<p lang=\"tr\" dir=\"ltr\">\ud83d\udcfd\ufe0fFenerbah\u00e7e&#39;nin g\u00fcndeminde yer alan Alexander S\u00f6rloth, Atletico Madrid&#39;in umutlar\u0131n\u0131 ye\u015fertiyor! <a href=\"https:\/\/t.co\/6tT8mpdTUJ\" rel=\"nofollow\">pic.twitter.com\/6tT8mpdTUJ<\/a><\/p>\n<p>&mdash; Sporx (@sporx) <a href=\"https:\/\/twitter.com\/sporx\/status\/2009361550063120494?ref_src=twsrc%5Etfw\" rel=\"nofollow noopener\" target=\"_blank\">January 8, 2026<\/a><\/p><\/blockquote>\n<p><script async src=\"https:\/\/platform.twitter.com\/widgets.js\" charset=\"utf-8\"><\/script><\/p>\n<p>  Real Madrid&#8217;de mesle\u011fini s\u00fcrd\u00fcren ulusal futbolcu <strong>Arda G\u00fcler<\/strong> yedek kul\u00fcbesinde ba\u015flad\u0131\u011f\u0131 ma\u00e7\u0131n 81. dakikas\u0131nda Vinicius Junior&#8217;\u0131n yerine oyuna dahil oldu.<\/p>\n<p><strong>F\u0130NALDE RAK\u0130P BARCELONA<\/strong><\/p>\n<p> Bu sonu\u00e7la birlikte finale y\u00fckselen Real Madrid, Athletic Bilbao&#8217;yu 5-0 deviren Barcelona&#8217;n\u0131n rakibi oldu.<\/p>\n<p> Barcelona ile Real Madrid ortas\u0131ndaki final ma\u00e7\u0131, 11 Ocak Pazar g\u00fcn\u00fc saat 22.00&#8217;de oynanacak.<\/p>\n<p> \u0130spanya&#8217;n\u0131n iki dev kul\u00fcb\u00fc, son olarak 26 Ekim 2025&#8217;te LaLiga&#8217;n\u0131n 10. haftas\u0131nda kar\u015f\u0131 kar\u015f\u0131ya gelirken Real Madrid kar\u015f\u0131la\u015fmadan 2-1 galip ayr\u0131lm\u0131\u015ft\u0131.<\/p>\n<p> Ba\u015f\u015fehir tak\u0131m\u0131, Mbappe&#8217;nin att\u0131\u011f\u0131 golle \u00f6ne ge\u00e7erken Barcelona, Lopez ile e\u015fitli\u011fi yakalam\u0131\u015f fakat Bellingham, ekibine derbiyi kazand\u0131rm\u0131\u015ft\u0131.<\/p>\n<\/div>\n","protected":false},"excerpt":{"rendered":"<p>\u0130spanya Muhte\u015fem Kupas\u0131 yar\u0131 finalinde oynanan derbide Real Madrid ezeli rakibi Atletico Madrid&#8217;i 2-1 yenerek ismini finale yazd\u0131ran taraf oldu.<\/p>\n","protected":false},"author":1,"featured_media":47692,"comment_status":"open","ping_status":"open","sticky":false,"template":"","format":"standard","meta":{"footnotes":""},"categories":[25],"tags":[235,364],"class_list":["post-47688","post","type-post","status-publish","format-standard","has-post-thumbnail","hentry","category-futbol","tag-final","tag-real-madrid"],"_links":{"self":[{"href":"https:\/\/haberbesiktas.tr\/index.php?rest_route=\/wp\/v2\/posts\/47688","targetHints":{"allow":["GET"]}}],"collection":[{"href":"https:\/\/haberbesiktas.tr\/index.php?rest_route=\/wp\/v2\/posts"}],"about":[{"href":"https:\/\/haberbesiktas.tr\/index.php?rest_route=\/wp\/v2\/types\/post"}],"author":[{"embeddable":true,"href":"https:\/\/haberbesiktas.tr\/index.php?rest_route=\/wp\/v2\/users\/1"}],"replies":[{"embeddable":true,"href":"https:\/\/haberbesiktas.tr\/index.php?rest_route=%2Fwp%2Fv2%2Fcomments&post=47688"}],"version-history":[{"count":1,"href":"https:\/\/haberbesiktas.tr\/index.php?rest_route=\/wp\/v2\/posts\/47688\/revisions"}],"predecessor-version":[{"id":47693,"href":"https:\/\/haberbesiktas.tr\/index.php?rest_route=\/wp\/v2\/posts\/47688\/revisions\/47693"}],"wp:featuredmedia":[{"embeddable":true,"href":"https:\/\/haberbesiktas.tr\/index.php?rest_route=\/wp\/v2\/media\/47692"}],"wp:attachment":[{"href":"https:\/\/haberbesiktas.tr\/index.php?rest_route=%2Fwp%2Fv2%2Fmedia&parent=47688"}],"wp:term":[{"taxonomy":"category","embeddable":true,"href":"https:\/\/haberbesiktas.tr\/index.php?rest_route=%2Fwp%2Fv2%2Fcategories&post=47688"},{"taxonomy":"post_tag","embeddable":true,"href":"https:\/\/haberbesiktas.tr\/index.php?rest_route=%2Fwp%2Fv2%2Ftags&post=47688"}],"curies":[{"name":"wp","href":"https:\/\/api.w.org\/{rel}","templated":true}]}}