{"id":47694,"date":"2026-01-09T10:36:04","date_gmt":"2026-01-09T10:36:04","guid":{"rendered":"https:\/\/haberbesiktas.tr\/?p=47694"},"modified":"2026-01-09T10:36:04","modified_gmt":"2026-01-09T10:36:04","slug":"fenerbahce-matteo-guendouziyi-acikladi","status":"publish","type":"post","link":"https:\/\/haberbesiktas.tr\/?p=47694","title":{"rendered":"Fenerbah\u00e7e, Matteo Guendouzi&#8217;yi a\u00e7\u0131klad\u0131"},"content":{"rendered":"<div>\n<div>\n<div> Fenerbah\u00e7e, Frans\u0131z ulusal futbolcu Matteo\u00a0Guendouzi&#8217;yi tak\u0131m\u0131na dahil etti.<\/p>\n<p> Sar\u0131-lacivertli kul\u00fcpten yap\u0131lan a\u00e7\u0131klamada, \u0130talyan grubu Lazio&#8217;dan transfer edilen 26 ya\u015f\u0131ndaki orta saha oyuncusuyla 4,5 y\u0131ll\u0131k kontrat imzaland\u0131\u011f\u0131 belirtildi.<\/p>\n<p> Mesle\u011fine \u00fclkesinin Lorient ekibinde ba\u015flayan Frans\u0131z oyuncu, s\u0131ras\u0131yla Arsenal, Hertha Berlin, Olimpik Marsilya ve son olarak Lazio&#8217;da forma giydi. <\/p>\n<p> Guendouzi, bu d\u00f6nem t\u00fcm kulvarlarda \u00e7\u0131kt\u0131\u011f\u0131 17 ma\u00e7ta 2 gole imza att\u0131.<\/p>\n<p> Matteo\u00a0Guendouzi, Fransa Ulusal Grubu&#8217;nda da 14 kar\u015f\u0131la\u015fmada misyon yapt\u0131.<\/p><\/div>\n<div><strong>&#8220;CAM\u0130AMIZIN HAYAL ETT\u0130\u011e\u0130 SAVA\u015eAN GRUBU KURACA\u011eIZ&#8221;<\/strong><\/div>\n<div>\u00a0<\/div>\n<div>\u0130mza merasiminin akabinde konu\u015fan Ertan Toruno\u011fullar\u0131, Lider Sadettin Saran&#8217;\u0131n vizyonuna vurgu yapt\u0131.<\/div>\n<div>\u00a0<\/div>\n<div>Toruno\u011fullar\u0131, <strong>&#8220;Ba\u015fkan\u0131m\u0131z &#8216;Sahada sava\u015fan, sonuna kadar \u00e7aba eden, kaybetti\u011fimizde bile taraftar\u0131m\u0131z\u0131n alk\u0131\u015flayaca\u011f\u0131 bir kadro kuraca\u011f\u0131z&#8217; diyordu. Biz de bunun temellerini at\u0131yoruz. Matteo&#8217;nun bu grubun \u015fampiyonluk yolunda de\u011ferli bir kesimi olaca\u011f\u0131na inan\u0131yoruz. Taraftarlar\u0131m\u0131z rahat olsun. Sab\u0131rla, toplulu\u011fumuzun hayal etti\u011fi sava\u015fan ekibi kuraca\u011f\u0131z,&#8221;<\/strong> tabirlerini kulland\u0131.<\/div>\n<div>\u00a0<\/div>\n<div><strong>DEV\u0130N \u00d6ZEK: &#8220;GER\u00c7EK B\u0130R SAVA\u015e\u00c7I&#8221;<\/strong><\/div>\n<div>\u00a0<\/div>\n<div>Sportif Y\u00f6netici Devin \u00d6zek ise Guendouzi&#8217;nin mentalitesine dikkat \u00e7ekti:<\/div>\n<div>\u00a0<\/div>\n<div><strong>&#8220;Bu transfer periyodunun en ba\u015f\u0131nda Matteo kalitesinde bir oyuncuyu tak\u0131m\u0131m\u0131za katmaktan b\u00fcy\u00fck memnunluk duyuyoruz. O ger\u00e7ek bir sava\u015f\u00e7\u0131. Alanda kul\u00fcp, kadro ve taraftar i\u00e7in her \u015feyini veren bir oyuncu. D\u00f6rt \u00fcst d\u00fczey ligde ve Fransa Ulusal Kadrosu&#8217;nda kendisini kan\u0131tlad\u0131. \u00d6n\u00fcm\u00fczdeki y\u0131llarda bize \u00e7ok \u015fey kataca\u011f\u0131ndan eminiz,&#8221;<\/strong> dedi.<\/div>\n<div>\u00a0<\/div>\n<div><strong>GUENDOUZI: &#8220;D\u00dcNYANIN EN B\u00dcY\u00dcK KUL\u00dcPLER\u0130NDEN B\u0130R\u0130&#8221;<\/strong><\/div>\n<div>\u00a0<\/div>\n<div>Yeni transfer Matteo Guendouzi ise sar\u0131-lacivertli formay\u0131 giymekten b\u00fcy\u00fck gurur duydu\u011funu belirtti.<\/div>\n<div>\u00a0<\/div>\n<div><strong>&#8220;Burada olmaktan \u00f6t\u00fcr\u00fc \u00e7ok memnunum. Bu benim ve ailem i\u00e7in \u00e7ok b\u00fcy\u00fck bir g\u00fcn. Fenerbah\u00e7e \u00e7ok b\u00fcy\u00fck bir kul\u00fcp, \u00e7ok b\u00fcy\u00fck bir tarihe sahip. Ba\u015fkan\u0131m\u0131z bana kul\u00fcb\u00fc, taraftar\u0131 ve maksatlar\u0131 anlatt\u0131. Taraftar\u0131m\u0131z\u0131n yaratt\u0131\u011f\u0131 atmosferi biliyorum ve onlar\u0131n \u00f6n\u00fcnde birinci ma\u00e7\u0131ma \u00e7\u0131kmak i\u00e7in sab\u0131rs\u0131zlan\u0131yorum,&#8221;<\/strong> diye konu\u015ftu.<\/div>\n<div>\u00a0<\/div>\n<div>Frans\u0131z y\u0131ld\u0131z, taraftarlara da \u00f6zel bir bildiri g\u00f6ndererek,<\/div>\n<div>\u00a0<\/div>\n<div><strong>&#8220;Sosyal medyada \u00e7ok fazla sevgi iletisi ald\u0131m. \u015eundan emin olsunlar; gerekirse alanda her \u015feyimi veririm. Umar\u0131m 12 y\u0131l aradan sonra lig \u015fampiyonlu\u011funu birlikte kazan\u0131r\u0131z ve burada kupalar kald\u0131r\u0131r\u0131z,&#8221;<\/strong> tabirlerini kulland\u0131.<\/div>\n<div>\u00a0<\/div>\n<div>Fenerbah\u00e7e, Matteo Guendouzi&#8217;ye <strong>&#8220;Ailemize be\u011fenilen geldin&#8221;<\/strong> derken, sar\u0131-lacivertli forma alt\u0131nda ba\u015far\u0131larla dolu bir meslek temennisinde bulundu.<\/div>\n<\/p><\/div>\n<\/p><\/div>\n","protected":false},"excerpt":{"rendered":"<p>Fenerbah\u00e7e, Frans\u0131z orta saha oyuncusu Matteo Guendouzi&#8217;yi 4,5 y\u0131ll\u0131k kontratla tak\u0131m\u0131na katt\u0131\u011f\u0131n\u0131 resmen duyurdu.<\/p>\n","protected":false},"author":1,"featured_media":47695,"comment_status":"open","ping_status":"open","sticky":false,"template":"","format":"standard","meta":{"footnotes":""},"categories":[25],"tags":[3602,3630,329,504],"class_list":["post-47694","post","type-post","status-publish","format-standard","has-post-thumbnail","hentry","category-futbol","tag-guendouzi","tag-matteo","tag-takimi","tag-taraftar"],"_links":{"self":[{"href":"https:\/\/haberbesiktas.tr\/index.php?rest_route=\/wp\/v2\/posts\/47694","targetHints":{"allow":["GET"]}}],"collection":[{"href":"https:\/\/haberbesiktas.tr\/index.php?rest_route=\/wp\/v2\/posts"}],"about":[{"href":"https:\/\/haberbesiktas.tr\/index.php?rest_route=\/wp\/v2\/types\/post"}],"author":[{"embeddable":true,"href":"https:\/\/haberbesiktas.tr\/index.php?rest_route=\/wp\/v2\/users\/1"}],"replies":[{"embeddable":true,"href":"https:\/\/haberbesiktas.tr\/index.php?rest_route=%2Fwp%2Fv2%2Fcomments&post=47694"}],"version-history":[{"count":1,"href":"https:\/\/haberbesiktas.tr\/index.php?rest_route=\/wp\/v2\/posts\/47694\/revisions"}],"predecessor-version":[{"id":47696,"href":"https:\/\/haberbesiktas.tr\/index.php?rest_route=\/wp\/v2\/posts\/47694\/revisions\/47696"}],"wp:featuredmedia":[{"embeddable":true,"href":"https:\/\/haberbesiktas.tr\/index.php?rest_route=\/wp\/v2\/media\/47695"}],"wp:attachment":[{"href":"https:\/\/haberbesiktas.tr\/index.php?rest_route=%2Fwp%2Fv2%2Fmedia&parent=47694"}],"wp:term":[{"taxonomy":"category","embeddable":true,"href":"https:\/\/haberbesiktas.tr\/index.php?rest_route=%2Fwp%2Fv2%2Fcategories&post=47694"},{"taxonomy":"post_tag","embeddable":true,"href":"https:\/\/haberbesiktas.tr\/index.php?rest_route=%2Fwp%2Fv2%2Ftags&post=47694"}],"curies":[{"name":"wp","href":"https:\/\/api.w.org\/{rel}","templated":true}]}}