{"id":47714,"date":"2026-01-09T11:48:04","date_gmt":"2026-01-09T11:48:04","guid":{"rendered":"https:\/\/haberbesiktas.tr\/?p=47714"},"modified":"2026-01-09T11:48:04","modified_gmt":"2026-01-09T11:48:04","slug":"salih-ucan-galatasaraydan-net-daha-iyiydik","status":"publish","type":"post","link":"https:\/\/haberbesiktas.tr\/?p=47714","title":{"rendered":"Salih U\u00e7an: &#8220;Galatasaray&#8217;dan net daha iyiydik&#8221;"},"content":{"rendered":"<div>\n<div>Be\u015fikta\u015f&#8217;\u0131n tecr\u00fcbeli orta alan\u0131 Salih U\u00e7an, HT Spor&#8217;da kat\u0131ld\u0131\u011f\u0131 programda hem siyah-beyazl\u0131lar\u0131n oyun gidi\u015fat\u0131n\u0131 hem de son derbilerde ya\u015fananlar\u0131 k\u0131ymetlendirdi.<\/div>\n<div>\u00a0<\/div>\n<div>U\u00e7an, kadronun hakikat tarafta ilerledi\u011fini vurgularken toplumsal medyada kendisi hakk\u0131nda yap\u0131lan yorumlara da sitem etti.<\/div>\n<div>\u00a0<\/div>\n<div>Tak\u0131m\u0131n son devirdeki performans\u0131n\u0131 k\u0131ymetlendiren Salih U\u00e7an, oyun plan\u0131 ve taktiksel geli\u015fime dikkat \u00e7ekerek, <strong>&#8220;Oyun plan\u0131m\u0131z\u0131, oyun gidi\u015fat\u0131m\u0131z\u0131 ve takti\u011fimizi g\u00f6z \u00f6n\u00fcnde bulundurdu\u011fumuzda m\u00fcspet istikamette ilerledi\u011fimizi d\u00fc\u015f\u00fcn\u00fcyorum. D\u00f6nem ba\u015f\u0131 kamp\u0131 daha \u00e2l\u00e2 ge\u00e7ebilirdi zira kamp\u0131n \u00e7ok de\u011ferli oldu\u011funa inan\u0131yorum. Sergen hoca geldikten sonra ne oynad\u0131\u011f\u0131n\u0131 bilen, g\u00f6ze g\u00fczel gelen bir oyun ortaya \u00e7\u0131kmaya ba\u015flad\u0131. Bu vakit isteyen bir s\u00fcre\u00e7&#8221;<\/strong> dedi.<\/div>\n<div>\u00a0<\/div>\n<div>Sergen Yal\u00e7\u0131n&#8217;\u0131n ekibe olan tesirine de de\u011finen deneyimli futbolcu, hocan\u0131n net bir oyun plan\u0131 oldu\u011funu belirterek, <strong>&#8220;Antrenmanlarda da bunu g\u00f6r\u00fcyorum. Hoca geldikten sonra neredeyse herkes m\u00fcddet ald\u0131. Ben de hocan\u0131n bana g\u00fcvendi\u011fini hissediyorum&#8221;<\/strong> s\u00f6zlerini kulland\u0131.<\/div>\n<div>\u00a0<\/div>\n<div><strong>&#8220;G.SARAY&#8217;DAN DAHA \u0130Y\u0130YD\u0130K&#8221;<\/strong><\/div>\n<div>\u00a0<\/div>\n<div>Derbi ma\u00e7lara ba\u015fka bir parantez a\u00e7an U\u00e7an, Galatasaray m\u00fcsabakas\u0131nda k\u0131rm\u0131z\u0131 karta kadar \u00fcst\u00fcn olan taraf\u0131n Be\u015fikta\u015f oldu\u011funu savundu. <strong>&#8220;Galatasaray ma\u00e7\u0131nda alanda net olarak rakibimizden daha g\u00fczeldik. K\u0131rm\u0131z\u0131 karttan sonra istemedi\u011fimiz bir bekleme moduna girdik. O g\u00fcn alandan kazanarak ayr\u0131lmam\u0131z gerekiyordu&#8221;\u00a0<\/strong>diyen Salih U\u00e7an, Fenerbah\u00e7e ma\u00e7\u0131nda da benzeri bir senaryonun ya\u015fand\u0131\u011f\u0131n\u0131 s\u00f6yledi. U\u00e7an,<strong>\u00a0&#8220;Sahada ne yapt\u0131\u011f\u0131n\u0131 bilen bir oyuncu grubuyduk. Skoru yakalad\u0131k lakin \u015fanss\u0131z bir k\u0131rm\u0131z\u0131 karttan sonra her \u015fey de\u011fi\u015fti&#8221;<\/strong> halinde konu\u015ftu.<\/div>\n<div>\u00a0<\/div>\n<div><strong>&#8220;BAZI \u015eEYLERE \u00dcZ\u00dcL\u00dcYORUM&#8221;<\/strong><\/div>\n<div>\u00a0<\/div>\n<div>Sosyal medyada kendisiyle ilgili yap\u0131lan yorumlara da de\u011finen Salih U\u00e7an, tenkitlerin vakit zaman \u00fcz\u00fcc\u00fc boyuta ula\u015ft\u0131\u011f\u0131n\u0131 s\u00f6z etti. <strong>&#8220;Sosyal medyada yaz\u0131lan kimi \u015feylere \u00fcz\u00fcl\u00fcyorum. Beni tan\u0131mayan insanlar\u0131n &#8216;tak\u0131mda huzursuzluk yarat\u0131yor&#8217; \u00fczere yorumlar yapmas\u0131 \u00e7ok anlams\u0131z. Oynad\u0131\u011f\u0131mda da oynamad\u0131\u011f\u0131mda da ele\u015ftiriliyorum. Toplumsal medya ucu buca\u011f\u0131 olmayan bir yer&#8221;<\/strong> diyerek kelamlar\u0131n\u0131 tamamlad\u0131.<\/div>\n<\/p><\/div>\n","protected":false},"excerpt":{"rendered":"<p>Be\u015fikta\u015f&#8217;\u0131n tecr\u00fcbeli orta alan\u0131 Salih U\u00e7an, kat\u0131ld\u0131\u011f\u0131 programda a\u00e7\u0131klamalarda bulundu.<\/p>\n","protected":false},"author":1,"featured_media":47715,"comment_status":"open","ping_status":"open","sticky":false,"template":"","format":"standard","meta":{"footnotes":""},"categories":[25],"tags":[43,3632],"class_list":["post-47714","post","type-post","status-publish","format-standard","has-post-thumbnail","hentry","category-futbol","tag-oyun","tag-ucan"],"_links":{"self":[{"href":"https:\/\/haberbesiktas.tr\/index.php?rest_route=\/wp\/v2\/posts\/47714","targetHints":{"allow":["GET"]}}],"collection":[{"href":"https:\/\/haberbesiktas.tr\/index.php?rest_route=\/wp\/v2\/posts"}],"about":[{"href":"https:\/\/haberbesiktas.tr\/index.php?rest_route=\/wp\/v2\/types\/post"}],"author":[{"embeddable":true,"href":"https:\/\/haberbesiktas.tr\/index.php?rest_route=\/wp\/v2\/users\/1"}],"replies":[{"embeddable":true,"href":"https:\/\/haberbesiktas.tr\/index.php?rest_route=%2Fwp%2Fv2%2Fcomments&post=47714"}],"version-history":[{"count":1,"href":"https:\/\/haberbesiktas.tr\/index.php?rest_route=\/wp\/v2\/posts\/47714\/revisions"}],"predecessor-version":[{"id":47716,"href":"https:\/\/haberbesiktas.tr\/index.php?rest_route=\/wp\/v2\/posts\/47714\/revisions\/47716"}],"wp:featuredmedia":[{"embeddable":true,"href":"https:\/\/haberbesiktas.tr\/index.php?rest_route=\/wp\/v2\/media\/47715"}],"wp:attachment":[{"href":"https:\/\/haberbesiktas.tr\/index.php?rest_route=%2Fwp%2Fv2%2Fmedia&parent=47714"}],"wp:term":[{"taxonomy":"category","embeddable":true,"href":"https:\/\/haberbesiktas.tr\/index.php?rest_route=%2Fwp%2Fv2%2Fcategories&post=47714"},{"taxonomy":"post_tag","embeddable":true,"href":"https:\/\/haberbesiktas.tr\/index.php?rest_route=%2Fwp%2Fv2%2Ftags&post=47714"}],"curies":[{"name":"wp","href":"https:\/\/api.w.org\/{rel}","templated":true}]}}