{"id":47720,"date":"2026-01-09T12:12:05","date_gmt":"2026-01-09T12:12:05","guid":{"rendered":"https:\/\/haberbesiktas.tr\/?p=47720"},"modified":"2026-01-09T12:12:05","modified_gmt":"2026-01-09T12:12:05","slug":"fenerbahcede-bir-ayrilik-daha-irfan-can-egribayat-samsunsporda","status":"publish","type":"post","link":"https:\/\/haberbesiktas.tr\/?p=47720","title":{"rendered":"Fenerbah\u00e7e&#8217;de bir ayr\u0131l\u0131k daha: \u0130rfan Can E\u011fribayat Samsunspor&#8217;da"},"content":{"rendered":"<div>\n<div>\n<div>Fenerbah\u00e7e&#8217;de k\u0131\u015f transfer devrinde bir ayr\u0131l\u0131k daha ya\u015fand\u0131.<\/div>\n<div>\u00a0<\/div>\n<div>Sar\u0131-lacivertlilerde \u0130rfan Can Kahveci&#8217;nin Kas\u0131mpa\u015fa&#8217;ya kiralanmas\u0131n\u0131n akabinde bu sefer kaleci \u0130rfan Can E\u011fribayat kadrodan ayr\u0131ld\u0131.<\/div>\n<div>\u00a0<\/div>\n<div><strong>SAMSUNSPOR&#8217;UN KALES\u0130N\u0130 KORUYACAK<\/strong><\/div>\n<div>\u00a0<\/div>\n<div>Fenerbah\u00e7e&#8217;nin 27 ya\u015f\u0131ndaki file bek\u00e7isi \u0130rfan Can E\u011fribayat, Samsunspor&#8217;a sat\u0131n alma opsiyonuyla kiraland\u0131.<\/div>\n<div>\u00a0<\/div>\n<div>TRT Spor&#8217;un haberine nazaran Karadeniz tak\u0131m\u0131, d\u00f6nem sonunda opsiyonu kullanmas\u0131 halinde sar\u0131-lacivertli kul\u00fcbe 1.2 milyon euro bonservis bedeli \u00f6deyecek.<\/div>\n<div>\u00a0<\/div>\n<div>\u0130rfan Can E\u011fribayat, Fenerbah\u00e7e&#8217;ye 2023-24 d\u00f6nemi ba\u015f\u0131nda G\u00f6ztepe&#8217;den transfer edilmi\u015fti.<\/div>\n<div>\u00a0<\/div>\n<div>Sar\u0131-lacivertliler, bu transfer i\u00e7in \u0130zmir temsilcisine 1.2 milyon euro bonservis bedeli \u00f6demi\u015fti.<\/div>\n<\/p><\/div>\n<\/p><\/div>\n","protected":false},"excerpt":{"rendered":"<p>Fenerbah\u00e7e&#8217;de k\u0131\u015f transfer periyodunun ikinci vedas\u0131 ya\u015fand\u0131. \u0130rfan Can Kahveci&#8217;nin akabinde kaleci \u0130rfan Can E\u011fribayat, sat\u0131n alma opsiyonuyla Samsunspor&#8217;a kiraland\u0131.<\/p>\n","protected":false},"author":1,"featured_media":47721,"comment_status":"open","ping_status":"open","sticky":false,"template":"","format":"standard","meta":{"footnotes":""},"categories":[25],"tags":[],"class_list":["post-47720","post","type-post","status-publish","format-standard","has-post-thumbnail","hentry","category-futbol"],"_links":{"self":[{"href":"https:\/\/haberbesiktas.tr\/index.php?rest_route=\/wp\/v2\/posts\/47720","targetHints":{"allow":["GET"]}}],"collection":[{"href":"https:\/\/haberbesiktas.tr\/index.php?rest_route=\/wp\/v2\/posts"}],"about":[{"href":"https:\/\/haberbesiktas.tr\/index.php?rest_route=\/wp\/v2\/types\/post"}],"author":[{"embeddable":true,"href":"https:\/\/haberbesiktas.tr\/index.php?rest_route=\/wp\/v2\/users\/1"}],"replies":[{"embeddable":true,"href":"https:\/\/haberbesiktas.tr\/index.php?rest_route=%2Fwp%2Fv2%2Fcomments&post=47720"}],"version-history":[{"count":1,"href":"https:\/\/haberbesiktas.tr\/index.php?rest_route=\/wp\/v2\/posts\/47720\/revisions"}],"predecessor-version":[{"id":47722,"href":"https:\/\/haberbesiktas.tr\/index.php?rest_route=\/wp\/v2\/posts\/47720\/revisions\/47722"}],"wp:featuredmedia":[{"embeddable":true,"href":"https:\/\/haberbesiktas.tr\/index.php?rest_route=\/wp\/v2\/media\/47721"}],"wp:attachment":[{"href":"https:\/\/haberbesiktas.tr\/index.php?rest_route=%2Fwp%2Fv2%2Fmedia&parent=47720"}],"wp:term":[{"taxonomy":"category","embeddable":true,"href":"https:\/\/haberbesiktas.tr\/index.php?rest_route=%2Fwp%2Fv2%2Fcategories&post=47720"},{"taxonomy":"post_tag","embeddable":true,"href":"https:\/\/haberbesiktas.tr\/index.php?rest_route=%2Fwp%2Fv2%2Ftags&post=47720"}],"curies":[{"name":"wp","href":"https:\/\/api.w.org\/{rel}","templated":true}]}}