{"id":47723,"date":"2026-01-09T12:24:05","date_gmt":"2026-01-09T12:24:05","guid":{"rendered":"https:\/\/haberbesiktas.tr\/?p=47723"},"modified":"2026-01-09T12:24:05","modified_gmt":"2026-01-09T12:24:05","slug":"okan-buruktan-fenerbahceye-tek-degisiklik","status":"publish","type":"post","link":"https:\/\/haberbesiktas.tr\/?p=47723","title":{"rendered":"Okan Buruk&#8217;tan Fenerbah\u00e7e&#8217;ye tek de\u011fi\u015fiklik!"},"content":{"rendered":"<div>Galatasaray Teknik Y\u00f6neticisi Okan Buruk, Turkcell Harika Kupa finalinde Fenerbah\u00e7e ile oynayacaklar\u0131 derbi i\u00e7in karar\u0131n\u0131 verdi.<\/p>\n<p><strong>TRABZONSPOR&#8217;A NAZARAN DE\u011e\u0130\u015e\u0130KL\u0130K<\/strong><\/p>\n<p> Fenerbah\u00e7e derbisinin tahlillerini tamamlayan ba\u015far\u0131l\u0131 teknik adam, Trabzonspor ma\u00e7\u0131na nazaran tak\u0131mda bir de\u011fi\u015fiklik yapmay\u0131 planl\u0131yor.<\/p>\n<p><strong>LUCAS TORREIRA<\/strong><\/p>\n<p> Savunma ve atak s\u0131n\u0131r\u0131ndan mutlu olan Okan Buruk, orta alanda Lucas Torreira&#8217;ya forma vermeyi planl\u0131yor. Torreira&#8217;n\u0131n forma giymesiyle birlikte Gabriel Sara&#8217;n\u0131n yedek kul\u00fcbesine ge\u00e7mesi bekleniyor.<\/p>\n<p><strong>GABRIEL SARA VE LEMINA<\/strong> <\/p>\n<p> Galatasaray&#8217;\u0131n, Fenerbah\u00e7e derbisinde orta alan\u0131n\u0131n; Lucas Torreira, \u0130lkay G\u00fcndo\u011fan ve Yunus Akg\u00fcn&#8217;den olu\u015fmas\u0131 bekleniyor.<\/p>\n<p> Trabzonspor kar\u015f\u0131s\u0131nda birinci 11&#8217;de vazife yapan Gabriel Sara, Fenerbah\u00e7e derbisinde kul\u00fcbede atak oyuncusu olacak.<\/p>\n<p> \u00d6te yandan sar\u0131-k\u0131rm\u0131z\u0131l\u0131larda Mario Lemina da yedek kul\u00fcbesinde olacak.<\/p>\n<\/div>\n","protected":false},"excerpt":{"rendered":"<p>Galatasaray Teknik Y\u00f6neticisi Okan Buruk, Fenerbah\u00e7e derbisinde orta alanda Lucas Torreira&#8217;ya forma vermeyi planl\u0131yor.<\/p>\n","protected":false},"author":1,"featured_media":47724,"comment_status":"open","ping_status":"open","sticky":false,"template":"","format":"standard","meta":{"footnotes":""},"categories":[25],"tags":[],"class_list":["post-47723","post","type-post","status-publish","format-standard","has-post-thumbnail","hentry","category-futbol"],"_links":{"self":[{"href":"https:\/\/haberbesiktas.tr\/index.php?rest_route=\/wp\/v2\/posts\/47723","targetHints":{"allow":["GET"]}}],"collection":[{"href":"https:\/\/haberbesiktas.tr\/index.php?rest_route=\/wp\/v2\/posts"}],"about":[{"href":"https:\/\/haberbesiktas.tr\/index.php?rest_route=\/wp\/v2\/types\/post"}],"author":[{"embeddable":true,"href":"https:\/\/haberbesiktas.tr\/index.php?rest_route=\/wp\/v2\/users\/1"}],"replies":[{"embeddable":true,"href":"https:\/\/haberbesiktas.tr\/index.php?rest_route=%2Fwp%2Fv2%2Fcomments&post=47723"}],"version-history":[{"count":1,"href":"https:\/\/haberbesiktas.tr\/index.php?rest_route=\/wp\/v2\/posts\/47723\/revisions"}],"predecessor-version":[{"id":47725,"href":"https:\/\/haberbesiktas.tr\/index.php?rest_route=\/wp\/v2\/posts\/47723\/revisions\/47725"}],"wp:featuredmedia":[{"embeddable":true,"href":"https:\/\/haberbesiktas.tr\/index.php?rest_route=\/wp\/v2\/media\/47724"}],"wp:attachment":[{"href":"https:\/\/haberbesiktas.tr\/index.php?rest_route=%2Fwp%2Fv2%2Fmedia&parent=47723"}],"wp:term":[{"taxonomy":"category","embeddable":true,"href":"https:\/\/haberbesiktas.tr\/index.php?rest_route=%2Fwp%2Fv2%2Fcategories&post=47723"},{"taxonomy":"post_tag","embeddable":true,"href":"https:\/\/haberbesiktas.tr\/index.php?rest_route=%2Fwp%2Fv2%2Ftags&post=47723"}],"curies":[{"name":"wp","href":"https:\/\/api.w.org\/{rel}","templated":true}]}}