{"id":47726,"date":"2026-01-09T12:36:05","date_gmt":"2026-01-09T12:36:05","guid":{"rendered":"https:\/\/haberbesiktas.tr\/?p=47726"},"modified":"2026-01-09T12:36:05","modified_gmt":"2026-01-09T12:36:05","slug":"mauro-icardi-derbiyle-tarihe-gecebilir","status":"publish","type":"post","link":"https:\/\/haberbesiktas.tr\/?p=47726","title":{"rendered":"Mauro Icardi, derbiyle tarihe ge\u00e7ebilir!"},"content":{"rendered":"<div>Galatasaray, Turkcell Muhte\u015fem Kupa finalinde cumartesi g\u00fcn\u00fc ezeli rakibi Fenerbah\u00e7e ile kar\u015f\u0131la\u015facak.<\/p>\n<p><strong>ICARDI TAR\u0130HE GE\u00c7EBL\u0130R<\/strong><\/p>\n<p>Sar\u0131-k\u0131rm\u0131z\u0131l\u0131 formay\u0131 giyen Mauro Icardi, Turkcell Muhte\u015fem Kupa&#8217;da oynanacak Fenerbah\u00e7e derbisine farkl\u0131 bir motivasyonla \u00e7\u0131kacak.<\/p>\n<p> Galatasaray&#8217;\u0131n Arjantinli y\u0131ld\u0131z\u0131 Mauro Icardi, 2 gol daha atmas\u0131 durumunda kul\u00fcp tarihinin en golc\u00fc yabanc\u0131s\u0131 olacak.<\/p>\n<p> Galatasaray&#8217;a birinci olarak 2022-2023 d\u00f6nemi \u00f6ncesinde Fransa tak\u0131m\u0131 Paris Saint-Germain&#8217;den kiral\u0131k olarak gelen Icardi, ba\u015far\u0131l\u0131 performans\u0131n\u0131n akabinde sonraki d\u00f6nemde 10 milyon avro bonservis bedeliyle sar\u0131-k\u0131rm\u0131z\u0131l\u0131 grubun tak\u0131m\u0131na dahil edildi.<\/p>\n<p><strong>71 GOLE ULA\u015eTI<\/strong> <\/p>\n<p> Grupla toplamda 111 ma\u00e7a \u00e7\u0131kan Icardi, son olarak Turkcell Harika Kupa yar\u0131 finalinde Trabzonspor&#8217;un a\u011flar\u0131n\u0131 havaland\u0131rarak, sar\u0131-k\u0131rm\u0131z\u0131l\u0131 formayla 71. gol\u00fcne ula\u015ft\u0131.<\/p>\n<p><strong>TAR\u0130HE GE\u00c7EB\u0130L\u0130R<\/strong><\/p>\n<p> Arjantinli santrfor, cumartesi g\u00fcnk\u00fc finalde Fenerbah\u00e7e filelerini 2 defa havaland\u0131r\u0131rsa Galatasaray formas\u0131yla 72 gol atan Rumen efsane futbolcu Gheorghe Hagi&#8217;yi ge\u00e7erek, kul\u00fcp tarihindeki en skorer yabanc\u0131 oyuncu unvan\u0131n\u0131 elde edecek.<\/p>\n<p> Bu d\u00f6nem resmi ma\u00e7larda 10 gol\u00fc bulunan Mauro Icardi, T\u00fcrkiye mesle\u011finde Fenerbah\u00e7e&#8217;ye kar\u015f\u0131 gayret etti\u011fi 6 ma\u00e7ta 3 defa gol sevinci ya\u015fad\u0131.<\/p>\n<p> \u00a0<\/p>\n<\/div>\n","protected":false},"excerpt":{"rendered":"<p>Galatasaray, \u00dcst\u00fcn Kupa finalinde Fenerbah\u00e7e ile kar\u015f\u0131la\u015facak. Galatasaray&#8217;\u0131n Arjantinli y\u0131ld\u0131z\u0131 Mauro Icardi, 2 gol daha atmas\u0131 durumunda kul\u00fcp tarihinin en golc\u00fc yabanc\u0131s\u0131 olacak.<\/p>\n","protected":false},"author":1,"featured_media":47727,"comment_status":"open","ping_status":"open","sticky":false,"template":"","format":"standard","meta":{"footnotes":""},"categories":[25],"tags":[77,768],"class_list":["post-47726","post","type-post","status-publish","format-standard","has-post-thumbnail","hentry","category-futbol","tag-gol","tag-icardi"],"_links":{"self":[{"href":"https:\/\/haberbesiktas.tr\/index.php?rest_route=\/wp\/v2\/posts\/47726","targetHints":{"allow":["GET"]}}],"collection":[{"href":"https:\/\/haberbesiktas.tr\/index.php?rest_route=\/wp\/v2\/posts"}],"about":[{"href":"https:\/\/haberbesiktas.tr\/index.php?rest_route=\/wp\/v2\/types\/post"}],"author":[{"embeddable":true,"href":"https:\/\/haberbesiktas.tr\/index.php?rest_route=\/wp\/v2\/users\/1"}],"replies":[{"embeddable":true,"href":"https:\/\/haberbesiktas.tr\/index.php?rest_route=%2Fwp%2Fv2%2Fcomments&post=47726"}],"version-history":[{"count":1,"href":"https:\/\/haberbesiktas.tr\/index.php?rest_route=\/wp\/v2\/posts\/47726\/revisions"}],"predecessor-version":[{"id":47728,"href":"https:\/\/haberbesiktas.tr\/index.php?rest_route=\/wp\/v2\/posts\/47726\/revisions\/47728"}],"wp:featuredmedia":[{"embeddable":true,"href":"https:\/\/haberbesiktas.tr\/index.php?rest_route=\/wp\/v2\/media\/47727"}],"wp:attachment":[{"href":"https:\/\/haberbesiktas.tr\/index.php?rest_route=%2Fwp%2Fv2%2Fmedia&parent=47726"}],"wp:term":[{"taxonomy":"category","embeddable":true,"href":"https:\/\/haberbesiktas.tr\/index.php?rest_route=%2Fwp%2Fv2%2Fcategories&post=47726"},{"taxonomy":"post_tag","embeddable":true,"href":"https:\/\/haberbesiktas.tr\/index.php?rest_route=%2Fwp%2Fv2%2Ftags&post=47726"}],"curies":[{"name":"wp","href":"https:\/\/api.w.org\/{rel}","templated":true}]}}