{"id":47729,"date":"2026-01-09T12:48:04","date_gmt":"2026-01-09T12:48:04","guid":{"rendered":"https:\/\/haberbesiktas.tr\/?p=47729"},"modified":"2026-01-09T12:48:04","modified_gmt":"2026-01-09T12:48:04","slug":"besiktasta-kanat-arayisi-arias-listeye-girdi","status":"publish","type":"post","link":"https:\/\/haberbesiktas.tr\/?p=47729","title":{"rendered":"Be\u015fikta\u015f&#8217;ta kanat aray\u0131\u015f\u0131: Arias listeye girdi"},"content":{"rendered":"<div>\n<div>Siyah-beyazl\u0131lar, orta transfer devrinde ekibe kalite katacak bir kanat oyuncusu aray\u0131\u015f\u0131nda.<\/div>\n<div>\u00a0<\/div>\n<div>Listede birinci s\u0131rada Inter&#8217;den Luis Henrique bulunuyor. \u0130talyan grubu, Dumfries&#8217;\u0131n sakatl\u0131\u011f\u0131 sonras\u0131 forma giymeye ba\u015flayan Henrique i\u00e7in <strong>&#8220;O b\u00f6lgeye oyuncu almadan olmaz. Bizden haber bekleyin&#8221;<\/strong> kar\u015f\u0131l\u0131\u011f\u0131n\u0131 iletti.<\/div>\n<div>\u00a0<\/div>\n<div><strong>NABIZ YOKLUYORLAR<\/strong><\/div>\n<div>\u00a0<\/div>\n<div>Siyah-beyazl\u0131lar, bu transferin olmama ihtamilini g\u00f6z \u00f6n\u00fcnde bulundurarak alternatif isimler \u00fczerinden \u00e7al\u0131\u015fmalar\u0131na devam ediyor.\u00a0<\/div>\n<div>\u00a0<\/div>\n<div>Bu do\u011frultuda listeye Premier Lig grubu Wolverhampton&#8217;dan Jhon Arias dahil edildi.<\/div>\n<div>\u00a0<\/div>\n<div>Stopere d\u00fc\u015f\u00fcn\u00fclen Emmanuel Agbadou i\u00e7in hali haz\u0131rda \u0130ngiliz kul\u00fcb\u00fcyle temasta bulunan Be\u015fikta\u015f&#8217;\u0131n, Kolombiyal\u0131 futbolcu i\u00e7in hem kul\u00fcb\u00fcn\u00fcn hem de oyuncu taraf\u0131n\u0131n isteklerini ara\u015ft\u0131rd\u0131\u011f\u0131 gelen bilgiler ortas\u0131nda.<\/div>\n<div>\u00a0<\/div>\n<div><strong>DE\u011eER\u0130 15 M\u0130LYON EURO<\/strong><\/div>\n<div>\u00a0<\/div>\n<div>Wolverhampton&#8217;\u0131n yaz transfer periyodunda Brezilya&#8217;n\u0131n Fluminense grubundan 17 milyon Euro&#8217;ya tak\u0131m\u0131na dahil etti\u011fi Arias&#8217;\u0131n akt\u00fcel piyasa pahas\u0131 15 milyon Euro civar\u0131nda.<\/div>\n<div>\u00a0<\/div>\n<div>Futbolcunun Haziran 2029 y\u0131l\u0131na kadar \u0130ngiliz grubuyla kontrat\u0131 bulunuyor.<\/div>\n<\/p><\/div>\n","protected":false},"excerpt":{"rendered":"<p>Orta transfer periyodunda kanat \u00e7izgisini g\u00fc\u00e7lendirmek isteyen Be\u015fikta\u015f, Inter&#8217;den Luis Henrique i\u00e7in beklemede kal\u0131rken alternatif olarak Wolverhampton formas\u0131 giyen Kolombiyal\u0131 Jhon Arias&#8217;\u0131 g\u00fcndemine ald\u0131.<\/p>\n","protected":false},"author":1,"featured_media":47730,"comment_status":"open","ping_status":"open","sticky":false,"template":"","format":"standard","meta":{"footnotes":""},"categories":[25],"tags":[],"class_list":["post-47729","post","type-post","status-publish","format-standard","has-post-thumbnail","hentry","category-futbol"],"_links":{"self":[{"href":"https:\/\/haberbesiktas.tr\/index.php?rest_route=\/wp\/v2\/posts\/47729","targetHints":{"allow":["GET"]}}],"collection":[{"href":"https:\/\/haberbesiktas.tr\/index.php?rest_route=\/wp\/v2\/posts"}],"about":[{"href":"https:\/\/haberbesiktas.tr\/index.php?rest_route=\/wp\/v2\/types\/post"}],"author":[{"embeddable":true,"href":"https:\/\/haberbesiktas.tr\/index.php?rest_route=\/wp\/v2\/users\/1"}],"replies":[{"embeddable":true,"href":"https:\/\/haberbesiktas.tr\/index.php?rest_route=%2Fwp%2Fv2%2Fcomments&post=47729"}],"version-history":[{"count":1,"href":"https:\/\/haberbesiktas.tr\/index.php?rest_route=\/wp\/v2\/posts\/47729\/revisions"}],"predecessor-version":[{"id":47731,"href":"https:\/\/haberbesiktas.tr\/index.php?rest_route=\/wp\/v2\/posts\/47729\/revisions\/47731"}],"wp:featuredmedia":[{"embeddable":true,"href":"https:\/\/haberbesiktas.tr\/index.php?rest_route=\/wp\/v2\/media\/47730"}],"wp:attachment":[{"href":"https:\/\/haberbesiktas.tr\/index.php?rest_route=%2Fwp%2Fv2%2Fmedia&parent=47729"}],"wp:term":[{"taxonomy":"category","embeddable":true,"href":"https:\/\/haberbesiktas.tr\/index.php?rest_route=%2Fwp%2Fv2%2Fcategories&post=47729"},{"taxonomy":"post_tag","embeddable":true,"href":"https:\/\/haberbesiktas.tr\/index.php?rest_route=%2Fwp%2Fv2%2Ftags&post=47729"}],"curies":[{"name":"wp","href":"https:\/\/api.w.org\/{rel}","templated":true}]}}