{"id":47732,"date":"2026-01-09T13:00:04","date_gmt":"2026-01-09T13:00:04","guid":{"rendered":"https:\/\/haberbesiktas.tr\/?p=47732"},"modified":"2026-01-09T13:00:04","modified_gmt":"2026-01-09T13:00:04","slug":"nijeryadaki-krizi-besiktasli-ndidi-cozdu","status":"publish","type":"post","link":"https:\/\/haberbesiktas.tr\/?p=47732","title":{"rendered":"Nijerya&#8217;daki krizi Be\u015fikta\u015fl\u0131 Ndidi \u00e7\u00f6zd\u00fc!"},"content":{"rendered":"<div>\n<div>Afrika Uluslar Kupas\u0131&#8217;nda Cumartesi g\u00fcn\u00fc Cezayir ile \u00e7eyrek final \u00e7abas\u0131na \u00e7\u0131kacak olan Nijerya Ulusal Ekibi&#8217;nde, turnuva \u00f6ncesinde ba\u015flayan \u00f6deme krizi g\u00fcndeme damga vurmu\u015ftu.<\/div>\n<div>\u00a0<\/div>\n<div>Bir m\u00fcddettir prim ve maa\u015f \u00f6demelerinde ya\u015fanan problemler nedeniyle oyuncular\u0131n idmanlara \u00e7\u0131kmama ihtimalini de\u011ferlendirdi\u011fi \u00f6\u011frenilmi\u015fti.<\/div>\n<div>\u00a0<\/div>\n<div>Ya\u015fanan krize grubun y\u0131ld\u0131z isimlerinden, Be\u015fikta\u015f formas\u0131 giyen Wilfred Ndidi el att\u0131. 29 ya\u015f\u0131ndaki tecr\u00fcbeli orta saha, sorunun b\u00fcy\u00fcmesini engelleyen bir a\u00e7\u0131klama yaparak grup arkada\u015flar\u0131n\u0131 ve teknik grubu rahatlatt\u0131.<\/div>\n<div>\u00a0<\/div>\n<div><strong>&#8220;S\u00d6Z VERD\u0130M, BEN \u00d6NDEYECE\u011e\u0130M&#8221;<\/strong><\/div>\n<div>\u00a0<\/div>\n<div>Ndidi, mevzuyla ilgili yapt\u0131\u011f\u0131 a\u00e7\u0131klamada, <strong>&#8220;Personele ve oyunculara, yetkililer Cumartesi g\u00fcn\u00fcnden evvel \u00f6deme yapmazsa, bonuslar\u0131 \u015fahsen ben \u00f6deyece\u011fime dair kelam verdim&#8221;<\/strong> s\u00f6zlerini kulland\u0131.<\/div>\n<div>\u00a0<\/div>\n<div>Y\u0131ld\u0131z futbolcunun bu \u00e7\u0131k\u0131\u015f\u0131, Nijerya Ulusal Grubu&#8217;nda krizin yat\u0131\u015fmas\u0131n\u0131 sa\u011flarken, oyuncular\u0131n Cezayir ma\u00e7\u0131 \u00f6ncesinde b\u00fcsb\u00fct\u00fcn alana odaklanmas\u0131na yard\u0131mc\u0131 oldu.<\/div>\n<div>\u00a0<\/div>\n<div>Ndidi&#8217;nin liderli\u011fi ve fedakarl\u0131\u011f\u0131, Nijerya kamuoyunda da b\u00fcy\u00fck takdir toplad\u0131.<\/div>\n<\/p><\/div>\n","protected":false},"excerpt":{"rendered":"<p>Afrika Uluslar Kupas\u0131 \u00f6ncesi \u00f6deme kriziyle sars\u0131lan Nijerya Ulusal Grubu&#8217;nda Be\u015fikta\u015fl\u0131 Wilfred Ndidi, primlerin yat\u0131r\u0131lmamas\u0131 halinde bonuslar\u0131 cebinden \u00f6deyece\u011fini a\u00e7\u0131klayarak krizi \u00e7\u00f6zd\u00fc.<\/p>\n","protected":false},"author":1,"featured_media":47733,"comment_status":"open","ping_status":"open","sticky":false,"template":"","format":"standard","meta":{"footnotes":""},"categories":[25],"tags":[],"class_list":["post-47732","post","type-post","status-publish","format-standard","has-post-thumbnail","hentry","category-futbol"],"_links":{"self":[{"href":"https:\/\/haberbesiktas.tr\/index.php?rest_route=\/wp\/v2\/posts\/47732","targetHints":{"allow":["GET"]}}],"collection":[{"href":"https:\/\/haberbesiktas.tr\/index.php?rest_route=\/wp\/v2\/posts"}],"about":[{"href":"https:\/\/haberbesiktas.tr\/index.php?rest_route=\/wp\/v2\/types\/post"}],"author":[{"embeddable":true,"href":"https:\/\/haberbesiktas.tr\/index.php?rest_route=\/wp\/v2\/users\/1"}],"replies":[{"embeddable":true,"href":"https:\/\/haberbesiktas.tr\/index.php?rest_route=%2Fwp%2Fv2%2Fcomments&post=47732"}],"version-history":[{"count":1,"href":"https:\/\/haberbesiktas.tr\/index.php?rest_route=\/wp\/v2\/posts\/47732\/revisions"}],"predecessor-version":[{"id":47734,"href":"https:\/\/haberbesiktas.tr\/index.php?rest_route=\/wp\/v2\/posts\/47732\/revisions\/47734"}],"wp:featuredmedia":[{"embeddable":true,"href":"https:\/\/haberbesiktas.tr\/index.php?rest_route=\/wp\/v2\/media\/47733"}],"wp:attachment":[{"href":"https:\/\/haberbesiktas.tr\/index.php?rest_route=%2Fwp%2Fv2%2Fmedia&parent=47732"}],"wp:term":[{"taxonomy":"category","embeddable":true,"href":"https:\/\/haberbesiktas.tr\/index.php?rest_route=%2Fwp%2Fv2%2Fcategories&post=47732"},{"taxonomy":"post_tag","embeddable":true,"href":"https:\/\/haberbesiktas.tr\/index.php?rest_route=%2Fwp%2Fv2%2Ftags&post=47732"}],"curies":[{"name":"wp","href":"https:\/\/api.w.org\/{rel}","templated":true}]}}