{"id":47738,"date":"2026-01-09T13:24:07","date_gmt":"2026-01-09T13:24:07","guid":{"rendered":"https:\/\/haberbesiktas.tr\/?p=47738"},"modified":"2026-01-09T13:24:07","modified_gmt":"2026-01-09T13:24:07","slug":"guendouzi-mesutun-izinden-fenerbahcede","status":"publish","type":"post","link":"https:\/\/haberbesiktas.tr\/?p=47738","title":{"rendered":"Guendouzi, Mesut&#8217;un izinden Fenerbah\u00e7e&#8217;de"},"content":{"rendered":"<div>\n<div>Fenerbah\u00e7e&#8217;nin yeni transferi Matteo Guendouzi, Arsenal&#8217;de birlikte oynad\u0131\u011f\u0131 sar\u0131-lacivertli kadronun eski y\u0131ld\u0131z\u0131 Mesut \u00d6zil&#8217;in m\u00fcsaadeden gidiyor\u2026<\/div>\n<div>\u00a0<\/div>\n<div>\u00d6zil, 27 Ocak 2021&#8217;de Fenerbah\u00e7e&#8217;ye imza atarken, Guendouzi 8 Ocak 2026&#8217;da tekrar bir orta transfer periyodunda \u0130stanbul&#8217;a indi.<\/div>\n<div>\u00a0<\/div>\n<div>26 ya\u015f\u0131ndaki Fas as\u0131ll\u0131 Frans\u0131z orta saha, 2021 y\u0131l\u0131nda Bild&#8217;e verdi\u011fi r\u00f6portajda Mesut&#8217;tan \u00f6vg\u00fcyle kelam etmi\u015fti:<\/div>\n<div>\u00a0<\/div>\n<div><strong>&#8220;Arsenal&#8217;de beni \u00e7abucak kanatlar\u0131n\u0131n alt\u0131na ald\u0131 ve benimle \u00f6zel olarak ilgilendi. \u00c7ok yard\u0131mc\u0131 oldu. Bundan \u00f6t\u00fcr\u00fc benim i\u00e7in bir a\u011fabey \u00fczere.&#8221;<\/strong><\/div>\n<div>\u00a0<\/div>\n<div>Guendouzi, Mesut&#8217;un kendisine \u00f6\u011frettiklerini ise \u015f\u00f6yle \u00f6zetlemi\u015fti:<\/div>\n<div>\u00a0<\/div>\n<div><strong>&#8220;Ola\u011fan\u00fcst\u00fc top maharetleri var, \u015fahane paslar atar. Bana \u015f\u00f6yle kederi, &#8216;Kendinize ve yeteneklerinize inanc\u0131n. G\u00fc\u00e7l\u00fc taraflar\u0131n\u0131za inan\u0131n. Kendinizi en yeterli gruplarda g\u00f6sterme potansiyeline sahipsiniz.&#8217; O topu aya\u011f\u0131na ald\u0131\u011f\u0131nda yapabileceklerinin hududu yok.&#8221;<\/strong><\/div>\n<\/p><\/div>\n","protected":false},"excerpt":{"rendered":"<p>Fenerbah\u00e7e&#8217;nin yeni transferi Matteo Guendouzi, Arsenal&#8217;de birlikte oynad\u0131\u011f\u0131 Mesut \u00d6zil&#8217;in yolunu takip ediyor.<\/p>\n","protected":false},"author":1,"featured_media":47739,"comment_status":"open","ping_status":"open","sticky":false,"template":"","format":"standard","meta":{"footnotes":""},"categories":[25],"tags":[],"class_list":["post-47738","post","type-post","status-publish","format-standard","has-post-thumbnail","hentry","category-futbol"],"_links":{"self":[{"href":"https:\/\/haberbesiktas.tr\/index.php?rest_route=\/wp\/v2\/posts\/47738","targetHints":{"allow":["GET"]}}],"collection":[{"href":"https:\/\/haberbesiktas.tr\/index.php?rest_route=\/wp\/v2\/posts"}],"about":[{"href":"https:\/\/haberbesiktas.tr\/index.php?rest_route=\/wp\/v2\/types\/post"}],"author":[{"embeddable":true,"href":"https:\/\/haberbesiktas.tr\/index.php?rest_route=\/wp\/v2\/users\/1"}],"replies":[{"embeddable":true,"href":"https:\/\/haberbesiktas.tr\/index.php?rest_route=%2Fwp%2Fv2%2Fcomments&post=47738"}],"version-history":[{"count":1,"href":"https:\/\/haberbesiktas.tr\/index.php?rest_route=\/wp\/v2\/posts\/47738\/revisions"}],"predecessor-version":[{"id":47740,"href":"https:\/\/haberbesiktas.tr\/index.php?rest_route=\/wp\/v2\/posts\/47738\/revisions\/47740"}],"wp:featuredmedia":[{"embeddable":true,"href":"https:\/\/haberbesiktas.tr\/index.php?rest_route=\/wp\/v2\/media\/47739"}],"wp:attachment":[{"href":"https:\/\/haberbesiktas.tr\/index.php?rest_route=%2Fwp%2Fv2%2Fmedia&parent=47738"}],"wp:term":[{"taxonomy":"category","embeddable":true,"href":"https:\/\/haberbesiktas.tr\/index.php?rest_route=%2Fwp%2Fv2%2Fcategories&post=47738"},{"taxonomy":"post_tag","embeddable":true,"href":"https:\/\/haberbesiktas.tr\/index.php?rest_route=%2Fwp%2Fv2%2Ftags&post=47738"}],"curies":[{"name":"wp","href":"https:\/\/api.w.org\/{rel}","templated":true}]}}