{"id":47741,"date":"2026-01-09T13:36:07","date_gmt":"2026-01-09T13:36:07","guid":{"rendered":"https:\/\/haberbesiktas.tr\/?p=47741"},"modified":"2026-01-09T13:36:07","modified_gmt":"2026-01-09T13:36:07","slug":"besiktastan-antalyada-transfer-zirvesi","status":"publish","type":"post","link":"https:\/\/haberbesiktas.tr\/?p=47741","title":{"rendered":"Be\u015fikta\u015f&#8217;tan Antalya&#8217;da transfer zirvesi"},"content":{"rendered":"<div>\n<div>Be\u015fikta\u015f Ba\u015fkan\u0131 Serdal Adal\u0131, Futbol Koordinat\u00f6r\u00fc Serkan Re\u00e7ber ve Teknik Y\u00f6netici Sergen Yal\u00e7\u0131n, Antalya&#8217;da transfer geli\u015fmelerini masaya yat\u0131rd\u0131.<\/div>\n<div>\u00a0<\/div>\n<div>Listedeki isimlerin son durumlar\u0131 g\u00f6r\u00fc\u015f\u00fcld\u00fc. \u00d6n\u00fcm\u00fczdeki g\u00fcnlerde birinci deste\u011fin gruba kat\u0131lmas\u0131 bekleniyor.<\/div>\n<div>\u00a0<\/div>\n<div>Art\u0131k imzaya beklenen kaleci Filip J\u00f6rgensen ise kadrosu Chelsea&#8217;nin Fulham&#8217;a deplasmanda 2-1 kaybettikleri ma\u00e7ta Be\u015fikta\u015fl\u0131 taraftarlarca markaja al\u0131nd\u0131.<\/div>\n<div>\u00a0<\/div>\n<div>Be\u015fikta\u015fl\u0131 taraftarlar\u0131n, yedek kul\u00fcbesinde oturan Danimarkal\u0131 kaleciye, &#8220;Come to Be\u015fikta\u015f&#8221; ve &#8220;Be\u015fikta\u015f seni bekliyor&#8221; diye ba\u011f\u0131rd\u0131\u011f\u0131 anlar toplumsal medyaya d\u00fc\u015ft\u00fc. J\u00f6rgensen ise bu ilgiye g\u00fcl\u00fcmseyerek kar\u015f\u0131l\u0131k verdi.<\/div>\n<\/p><\/div>\n","protected":false},"excerpt":{"rendered":"<p>Be\u015fikta\u015f Ba\u015fkan\u0131 Serdal Adal\u0131, Futbol Koordinat\u00f6r\u00fc Serkan Re\u00e7ber ve Teknik Y\u00f6netici Sergen Yal\u00e7\u0131n, Antalya&#8217;da bir ortaya gelerek transfer listesindeki isimlerin son durumunu masaya yat\u0131rd\u0131.<\/p>\n","protected":false},"author":1,"featured_media":47742,"comment_status":"open","ping_status":"open","sticky":false,"template":"","format":"standard","meta":{"footnotes":""},"categories":[25],"tags":[71],"class_list":["post-47741","post","type-post","status-publish","format-standard","has-post-thumbnail","hentry","category-futbol","tag-besiktas"],"_links":{"self":[{"href":"https:\/\/haberbesiktas.tr\/index.php?rest_route=\/wp\/v2\/posts\/47741","targetHints":{"allow":["GET"]}}],"collection":[{"href":"https:\/\/haberbesiktas.tr\/index.php?rest_route=\/wp\/v2\/posts"}],"about":[{"href":"https:\/\/haberbesiktas.tr\/index.php?rest_route=\/wp\/v2\/types\/post"}],"author":[{"embeddable":true,"href":"https:\/\/haberbesiktas.tr\/index.php?rest_route=\/wp\/v2\/users\/1"}],"replies":[{"embeddable":true,"href":"https:\/\/haberbesiktas.tr\/index.php?rest_route=%2Fwp%2Fv2%2Fcomments&post=47741"}],"version-history":[{"count":1,"href":"https:\/\/haberbesiktas.tr\/index.php?rest_route=\/wp\/v2\/posts\/47741\/revisions"}],"predecessor-version":[{"id":47743,"href":"https:\/\/haberbesiktas.tr\/index.php?rest_route=\/wp\/v2\/posts\/47741\/revisions\/47743"}],"wp:featuredmedia":[{"embeddable":true,"href":"https:\/\/haberbesiktas.tr\/index.php?rest_route=\/wp\/v2\/media\/47742"}],"wp:attachment":[{"href":"https:\/\/haberbesiktas.tr\/index.php?rest_route=%2Fwp%2Fv2%2Fmedia&parent=47741"}],"wp:term":[{"taxonomy":"category","embeddable":true,"href":"https:\/\/haberbesiktas.tr\/index.php?rest_route=%2Fwp%2Fv2%2Fcategories&post=47741"},{"taxonomy":"post_tag","embeddable":true,"href":"https:\/\/haberbesiktas.tr\/index.php?rest_route=%2Fwp%2Fv2%2Ftags&post=47741"}],"curies":[{"name":"wp","href":"https:\/\/api.w.org\/{rel}","templated":true}]}}