{"id":47788,"date":"2026-01-09T16:36:07","date_gmt":"2026-01-09T16:36:07","guid":{"rendered":"https:\/\/haberbesiktas.tr\/?p=47788"},"modified":"2026-01-09T16:36:07","modified_gmt":"2026-01-09T16:36:07","slug":"ertelenen-fenerbahce-olympiakos-macinin-tarihi-belli-oldu","status":"publish","type":"post","link":"https:\/\/haberbesiktas.tr\/?p=47788","title":{"rendered":"Ertelenen Fenerbah\u00e7e-Olympiakos ma\u00e7\u0131n\u0131n tarihi belli oldu"},"content":{"rendered":"<div>\n<div>EuroLeague 14. haftas\u0131ndan ertelenen Olympiakos-Fenerbah\u00e7e Beko gayreti 17 Mart&#8217;ta oynanacak.<\/div>\n<div>\u00a0<\/div>\n<div>Sar\u0131-lacivertli kul\u00fcb\u00fcn a\u00e7\u0131klamas\u0131nda, 4 Aral\u0131k 2025 tarihinde Yunanistan&#8217;da oynanmas\u0131 gereken lakin hava \u015fartlar\u0131 sebebiyle ertelenen Olympiakos kar\u015f\u0131la\u015fmas\u0131n\u0131n 17 Mart Sal\u0131 g\u00fcn\u00fc, saat 21.15&#8217;te Bar\u0131\u015f ve Dostluk Salonu&#8217;nda oynanaca\u011f\u0131 belirtildi.<\/div>\n<div>\u00a0<\/div>\n<div>Fenerbah\u00e7e Basketboldan Sorumlu Y\u00f6netim Kurulu \u00dcyesi Cem Ciritci, 4 Aral\u0131k&#8217;ta ertelenen kar\u015f\u0131la\u015fman\u0131n akabinde <strong>&#8220;Olympiakos&#8217;un salonundaki su s\u0131z\u0131nt\u0131s\u0131ndan kaynaklanan durum nedeniyle m\u00fcsabakan\u0131n oynanamad\u0131\u011f\u0131n\u0131&#8221;<\/strong> lisana getirmi\u015fti.<\/div>\n<\/p><\/div>\n","protected":false},"excerpt":{"rendered":"<p>EuroLeague 14. haftas\u0131ndan ertelenen Fenerbah\u00e7e Beko-Olympiakos m\u00fcsabakas\u0131, 17 Mart Sal\u0131 g\u00fcn\u00fc saat 21.15&#8217;te Bar\u0131\u015f ve Dostluk Salonu&#8217;nda oynanacak.<\/p>\n","protected":false},"author":1,"featured_media":47789,"comment_status":"open","ping_status":"open","sticky":false,"template":"","format":"standard","meta":{"footnotes":""},"categories":[10],"tags":[],"class_list":["post-47788","post","type-post","status-publish","format-standard","has-post-thumbnail","hentry","category-basketbol"],"_links":{"self":[{"href":"https:\/\/haberbesiktas.tr\/index.php?rest_route=\/wp\/v2\/posts\/47788","targetHints":{"allow":["GET"]}}],"collection":[{"href":"https:\/\/haberbesiktas.tr\/index.php?rest_route=\/wp\/v2\/posts"}],"about":[{"href":"https:\/\/haberbesiktas.tr\/index.php?rest_route=\/wp\/v2\/types\/post"}],"author":[{"embeddable":true,"href":"https:\/\/haberbesiktas.tr\/index.php?rest_route=\/wp\/v2\/users\/1"}],"replies":[{"embeddable":true,"href":"https:\/\/haberbesiktas.tr\/index.php?rest_route=%2Fwp%2Fv2%2Fcomments&post=47788"}],"version-history":[{"count":1,"href":"https:\/\/haberbesiktas.tr\/index.php?rest_route=\/wp\/v2\/posts\/47788\/revisions"}],"predecessor-version":[{"id":47790,"href":"https:\/\/haberbesiktas.tr\/index.php?rest_route=\/wp\/v2\/posts\/47788\/revisions\/47790"}],"wp:featuredmedia":[{"embeddable":true,"href":"https:\/\/haberbesiktas.tr\/index.php?rest_route=\/wp\/v2\/media\/47789"}],"wp:attachment":[{"href":"https:\/\/haberbesiktas.tr\/index.php?rest_route=%2Fwp%2Fv2%2Fmedia&parent=47788"}],"wp:term":[{"taxonomy":"category","embeddable":true,"href":"https:\/\/haberbesiktas.tr\/index.php?rest_route=%2Fwp%2Fv2%2Fcategories&post=47788"},{"taxonomy":"post_tag","embeddable":true,"href":"https:\/\/haberbesiktas.tr\/index.php?rest_route=%2Fwp%2Fv2%2Ftags&post=47788"}],"curies":[{"name":"wp","href":"https:\/\/api.w.org\/{rel}","templated":true}]}}