{"id":47880,"date":"2026-01-09T23:00:06","date_gmt":"2026-01-09T23:00:06","guid":{"rendered":"https:\/\/haberbesiktas.tr\/?p=47880"},"modified":"2026-01-09T23:00:06","modified_gmt":"2026-01-09T23:00:06","slug":"canli-besiktas-fcsb","status":"publish","type":"post","link":"https:\/\/haberbesiktas.tr\/?p=47880","title":{"rendered":"CANLI: Be\u015fikta\u015f &#8211; FCSB"},"content":{"rendered":"<div>\n<div>Be\u015fikta\u015f, haz\u0131rl\u0131k ma\u00e7\u0131nda Romanya tak\u0131mlar\u0131ndan FCSB ile kar\u015f\u0131 kar\u015f\u0131ya geliyor.<\/div>\n<div>\u00a0<\/div>\n<div><span><strong>CANLI<\/strong><\/span><\/div>\n<div>\u00a0<\/div>\n<div><span><strong>SKORU G\u00dcNCELLEMEK \u0130\u00c7\u0130N TIKLAYIN<\/strong><\/span><\/div>\n<div>\u00a0<\/div>\n<div><span><strong>BE\u015e\u0130KTA\u015e: 0<\/strong><\/span><\/div>\n<div>\u00a0<\/div>\n<div><span><strong>FCSB: 0<\/strong><\/span><\/div>\n<div>\u00a0<\/div>\n<div><span><strong>(\u0130lk yar\u0131 oynan\u0131yor)<\/strong><\/span><\/div>\n<div>\u00a0<\/div>\n<div><strong>BE\u015e\u0130KTA\u015e&#8217;IN B\u0130R\u0130NC\u0130 11&#8217;\u0130<\/p>\n<p>Ersin, Taylan, Tiago Djalo, Emirhan, R\u0131dvan, Kartal Kayra, Orkun, Cerny, Rashica, \u0130htilal, Ahmet Sami Bircan<\/strong><\/div>\n<div><strong>\u00a0<\/strong><\/div>\n<div><strong><img decoding=\"async\" src=\"https:\/\/haberbesiktas.tr\/wp-content\/uploads\/2026\/01\/canli-besiktas-fcsb-0-LmGZPWcY.jpeg\"\/><\/strong><\/div>\n<div>\u00a0<\/div>\n<\/p><\/div>\n","protected":false},"excerpt":{"rendered":"<p>D\u00f6nemin ikinci yar\u0131s\u0131 haz\u0131rl\u0131klar\u0131n\u0131 Belek&#8217;te s\u00fcrd\u00fcren Be\u015fikta\u015f, Romanya tak\u0131m\u0131 FCSB ile kar\u015f\u0131 kar\u015f\u0131ya geliyor.<\/p>\n","protected":false},"author":1,"featured_media":47881,"comment_status":"open","ping_status":"open","sticky":false,"template":"","format":"standard","meta":{"footnotes":""},"categories":[25],"tags":[],"class_list":["post-47880","post","type-post","status-publish","format-standard","has-post-thumbnail","hentry","category-futbol"],"_links":{"self":[{"href":"https:\/\/haberbesiktas.tr\/index.php?rest_route=\/wp\/v2\/posts\/47880","targetHints":{"allow":["GET"]}}],"collection":[{"href":"https:\/\/haberbesiktas.tr\/index.php?rest_route=\/wp\/v2\/posts"}],"about":[{"href":"https:\/\/haberbesiktas.tr\/index.php?rest_route=\/wp\/v2\/types\/post"}],"author":[{"embeddable":true,"href":"https:\/\/haberbesiktas.tr\/index.php?rest_route=\/wp\/v2\/users\/1"}],"replies":[{"embeddable":true,"href":"https:\/\/haberbesiktas.tr\/index.php?rest_route=%2Fwp%2Fv2%2Fcomments&post=47880"}],"version-history":[{"count":1,"href":"https:\/\/haberbesiktas.tr\/index.php?rest_route=\/wp\/v2\/posts\/47880\/revisions"}],"predecessor-version":[{"id":47883,"href":"https:\/\/haberbesiktas.tr\/index.php?rest_route=\/wp\/v2\/posts\/47880\/revisions\/47883"}],"wp:featuredmedia":[{"embeddable":true,"href":"https:\/\/haberbesiktas.tr\/index.php?rest_route=\/wp\/v2\/media\/47881"}],"wp:attachment":[{"href":"https:\/\/haberbesiktas.tr\/index.php?rest_route=%2Fwp%2Fv2%2Fmedia&parent=47880"}],"wp:term":[{"taxonomy":"category","embeddable":true,"href":"https:\/\/haberbesiktas.tr\/index.php?rest_route=%2Fwp%2Fv2%2Fcategories&post=47880"},{"taxonomy":"post_tag","embeddable":true,"href":"https:\/\/haberbesiktas.tr\/index.php?rest_route=%2Fwp%2Fv2%2Ftags&post=47880"}],"curies":[{"name":"wp","href":"https:\/\/api.w.org\/{rel}","templated":true}]}}