{"id":47974,"date":"2026-01-10T13:36:04","date_gmt":"2026-01-10T13:36:04","guid":{"rendered":"https:\/\/haberbesiktas.tr\/?p=47974"},"modified":"2026-01-10T13:36:04","modified_gmt":"2026-01-10T13:36:04","slug":"bu-aksam-dizilerin-yeni-bolumu-var-mi-8-ocak","status":"publish","type":"post","link":"https:\/\/haberbesiktas.tr\/?p=47974","title":{"rendered":"Bu ak\u015fam dizilerin yeni b\u00f6l\u00fcm\u00fc var m\u0131? 8 Ocak"},"content":{"rendered":"<div><span>Televizyon izleyicileri, haftan\u0131n d\u00f6rd\u00fcnc\u00fc g\u00fcn\u00fcnde ekranlara gelecek \u00fcretimleri yak\u0131ndan takip ediyor. 8 Ocak Per\u015fembe g\u00fcn\u00fc Kanal D, ATV, Show TV, STAR TV, TRT 1, TV8 ve NOW TV ekranlar\u0131nda yay\u0131nlanacak diziler, m\u00fcsabakalar ve sinemalar netle\u015fti.<\/span><\/p>\n<p><strong>BU AK\u015eAM D\u0130Z\u0130LER\u0130N YEN\u0130 KISMI VAR MI?<\/strong><br \/><span>8 Ocak 2026 Per\u015fembe ak\u015fam\u0131 televizyon ekranlar\u0131nda yeni k\u0131s\u0131m diziler de izleyiciyle bulu\u015fuyor. Yay\u0131n ak\u0131\u015f\u0131nda yer alan bilgilere nazaran, Show TV&#8217;de yay\u0131nlanan Veliaht ile NOW TV ekranlar\u0131nda izleyici kar\u015f\u0131s\u0131na \u00e7\u0131kan Halef: K\u00f6klerin Daveti, bu ak\u015fam yeni k\u0131s\u0131mlar\u0131yla ekrana geliyor.<\/span><\/p>\n<p><span>Show TV&#8217;de saat 20.00&#8217;de ba\u015flayacak olan Veliaht, d\u00f6nemin 16. k\u0131sm\u0131yla izleyici kar\u015f\u0131s\u0131na \u00e7\u0131karken, NOW TV&#8217;de yay\u0131nlanan Halef: K\u00f6klerin Daveti da d\u00f6nem 1&#8217;in 15. yeni k\u0131sm\u0131yla ekranda yer alacak.<\/span><\/p>\n<p><strong>PER\u015eEMBE AK\u015eAMI D\u0130Z\u0130LER\u0130<\/strong><br \/><span>Per\u015fembe ak\u015fam\u0131 ekranlarda yer alan diziler ortas\u0131nda dram ve aksiyon cinsindeki imaller dikkat \u00e7ekiyor. NOW TV&#8217;de &#8220;Halef: K\u00f6klerin \u00c7a\u011fr\u0131s\u0131&#8221; ana jenerasyonda izleyiciyle bulu\u015furken, Show TV&#8217;de &#8220;Veliaht&#8221; ekranlara geliyor.<\/span><\/div>\n","protected":false},"excerpt":{"rendered":"<p>8 Ocak 2026 Per\u015fembe ak\u015fam\u0131 televizyon ekranlar\u0131nda dizi, m\u00fcsabaka ve sinema sinemas\u0131 y\u00fckl\u00fc bir yay\u0131n ak\u0131\u015f\u0131 izleyiciyle bulu\u015fuyor. Ulusal kanallar\u0131n yay\u0131n planlar\u0131 merak edilirken, bu ak\u015fam yeni k\u0131s\u0131m dizilerin olup olmad\u0131\u011f\u0131 da ara\u015ft\u0131r\u0131l\u0131yor.<\/p>\n","protected":false},"author":1,"featured_media":47975,"comment_status":"open","ping_status":"open","sticky":false,"template":"","format":"standard","meta":{"footnotes":""},"categories":[10],"tags":[2895,1440,3648,3646,3647],"class_list":["post-47974","post","type-post","status-publish","format-standard","has-post-thumbnail","hentry","category-basketbol","tag-aksam","tag-bolum","tag-diziler","tag-izleyici","tag-tvde"],"_links":{"self":[{"href":"https:\/\/haberbesiktas.tr\/index.php?rest_route=\/wp\/v2\/posts\/47974","targetHints":{"allow":["GET"]}}],"collection":[{"href":"https:\/\/haberbesiktas.tr\/index.php?rest_route=\/wp\/v2\/posts"}],"about":[{"href":"https:\/\/haberbesiktas.tr\/index.php?rest_route=\/wp\/v2\/types\/post"}],"author":[{"embeddable":true,"href":"https:\/\/haberbesiktas.tr\/index.php?rest_route=\/wp\/v2\/users\/1"}],"replies":[{"embeddable":true,"href":"https:\/\/haberbesiktas.tr\/index.php?rest_route=%2Fwp%2Fv2%2Fcomments&post=47974"}],"version-history":[{"count":1,"href":"https:\/\/haberbesiktas.tr\/index.php?rest_route=\/wp\/v2\/posts\/47974\/revisions"}],"predecessor-version":[{"id":47976,"href":"https:\/\/haberbesiktas.tr\/index.php?rest_route=\/wp\/v2\/posts\/47974\/revisions\/47976"}],"wp:featuredmedia":[{"embeddable":true,"href":"https:\/\/haberbesiktas.tr\/index.php?rest_route=\/wp\/v2\/media\/47975"}],"wp:attachment":[{"href":"https:\/\/haberbesiktas.tr\/index.php?rest_route=%2Fwp%2Fv2%2Fmedia&parent=47974"}],"wp:term":[{"taxonomy":"category","embeddable":true,"href":"https:\/\/haberbesiktas.tr\/index.php?rest_route=%2Fwp%2Fv2%2Fcategories&post=47974"},{"taxonomy":"post_tag","embeddable":true,"href":"https:\/\/haberbesiktas.tr\/index.php?rest_route=%2Fwp%2Fv2%2Ftags&post=47974"}],"curies":[{"name":"wp","href":"https:\/\/api.w.org\/{rel}","templated":true}]}}