{"id":47989,"date":"2026-01-10T14:36:04","date_gmt":"2026-01-10T14:36:04","guid":{"rendered":"https:\/\/haberbesiktas.tr\/?p=47989"},"modified":"2026-01-10T14:36:04","modified_gmt":"2026-01-10T14:36:04","slug":"bedelli-askerlik-ucreti-2026-ne-kadar-yeni-bedelli-ucreti","status":"publish","type":"post","link":"https:\/\/haberbesiktas.tr\/?p=47989","title":{"rendered":"Bedelli Askerlik \u00dccreti 2026 Ne Kadar? Yeni Bedelli \u00dccreti"},"content":{"rendered":"<div><span>T\u00fcrkiye \u0130statistik Kurumu&#8217;nun (T\u00dc\u0130K) 2025 y\u0131l\u0131 Aral\u0131k ay\u0131 enflasyon datalar\u0131n\u0131 duyurmas\u0131 ve memur maa\u015f katsay\u0131s\u0131n\u0131n %18,60 oran\u0131nda artmas\u0131yla birlikte, bedelli askerlik fiyat\u0131 de tekrar hesapland\u0131. 7179 say\u0131l\u0131 Askeralma Kanunu gere\u011fi memur maa\u015f katsay\u0131s\u0131na endeksli olan bedel fiyat\u0131, 2026 y\u0131l\u0131n\u0131n birinci alt\u0131 ay\u0131 i\u00e7in rekor d\u00fczeye ula\u015ft\u0131. &#8220;Bedelli askerlik ka\u00e7 TL oldu, son g\u00fcn ne vakit?&#8221; sorular\u0131na kar\u015f\u0131l\u0131k arayan y\u00fck\u00fcml\u00fcler i\u00e7in yeni say\u0131lar e-Devlet sistemine i\u015flenmeye ba\u015flad\u0131. \u0130\u015fte 2026 bedelli askerlik fiyat\u0131 ve \u00f6deme rehberi&#8230;<\/span><br \/> <strong>2026 BEDELL\u0130 ASKERL\u0130K F\u0130YATI NE KADAR OLDU?<\/strong><br \/><span>2025 y\u0131l\u0131n\u0131n ikinci yar\u0131s\u0131nda 280.850,64 TL olarak uygulanan bedelli askerlik fiyat\u0131, 2026 Ocak ay\u0131 prestijiyle g\u00fcncellendi.<\/span><\/p>\n<p><span>Yeni Bedel Fiyat\u0131: 333.088,74 TL<\/span><\/p>\n<p><span>Ge\u00e7erlilik Tarihi: 1 Ocak 2026 \u2013 30 Haziran 2026<\/span><\/p>\n<p><span>Bu fiyat, 240.000 g\u00f6sterge say\u0131s\u0131n\u0131n yeni memur ayl\u0131k katsay\u0131s\u0131 (1,38787) ile \u00e7arp\u0131lmas\u0131 sonucu elde edilmi\u015ftir. 1 Temmuz 2026 tarihinden itibaren bu say\u0131, y\u0131l\u0131n ikinci yar\u0131s\u0131ndaki memur art\u0131r\u0131m\u0131yla birlikte tekrar g\u00fcncellenecektir.<\/span><\/p>\n<p><strong>\u00d6DEMELER NEREYE VE NASIL YAPILIR?<\/strong><br \/><span>Ba\u015fvurusunu e-Devlet \u00fczerinden yapan y\u00fck\u00fcml\u00fcler, \u00f6demelerini \u015fu kanallar arac\u0131l\u0131\u011f\u0131yla ger\u00e7ekle\u015ftirebilirler:<\/span><\/p>\n<p><span>Ziraat Bankas\u0131, Vak\u0131fbank ve Halkbank \u015fubeleri yahut ta\u015f\u0131nabilir bankac\u0131l\u0131k sistemleri,<\/span><\/p>\n<p><span>Defterdarl\u0131klar yahut Malm\u00fcd\u00fcrl\u00fckleri. \u00d6demeler pe\u015fin olarak yap\u0131lmakta olup, taksitlendirme imkan\u0131 bulunmamaktad\u0131r. \u00d6deme yap\u0131ld\u0131ktan sonra dekontun saklanmas\u0131 ve s\u00fcrecin e-Devlet&#8217;teki &#8220;Askerli\u011fim&#8221; sekmesinden takip edilmesi ehemmiyet arz etmektedir.<\/span><\/p>\n<p><strong>BEDELL\u0130 ASKERL\u0130K M\u00dcDDET\u0130 VE YERLER\u0130<\/strong><br \/><span>2026 y\u0131l\u0131nda da bedelli askerlik m\u00fcddeti temel e\u011fitim dahil 30 g\u00fcn (baz\u0131 celplerde yol m\u00fcsaadesiyle birlikte de\u011fi\u015fiklik g\u00f6sterebilir) olarak uygulanmaya devam edecektir. 2025 y\u0131l\u0131nda ba\u015fvurusunu tamamlayanlar\u0131n yerleri Ocak ay\u0131 sonunda a\u00e7\u0131klan\u0131rken, 2026 y\u0131l\u0131nda yeni m\u00fcracaat yapanlar\u0131n yerleri ise 2027 y\u0131l\u0131n\u0131n ba\u015f\u0131nda muhakkak olacakt\u0131r.<\/span><\/div>\n<div>Haber ile daha fazlas\u0131na ula\u015f\u0131n:<\/div>\n<div>G\u00fcndem<\/div>\n","protected":false},"excerpt":{"rendered":"<p>2026 bedelli askerlik fiyat\u0131 ne kadar oldu? MSB taraf\u0131ndan a\u00e7\u0131klanan Ocak 2026 bedelli askerlik fiyat\u0131, \u00f6deme tarihleri ve m\u00fcracaat ko\u015fullar\u0131 haberimizde.<\/p>\n","protected":false},"author":1,"featured_media":47990,"comment_status":"open","ping_status":"open","sticky":false,"template":"","format":"standard","meta":{"footnotes":""},"categories":[10],"tags":[470,3652,2088,1694],"class_list":["post-47989","post","type-post","status-publish","format-standard","has-post-thumbnail","hentry","category-basketbol","tag-470","tag-bedelli-askerlik","tag-odeme","tag-yili"],"_links":{"self":[{"href":"https:\/\/haberbesiktas.tr\/index.php?rest_route=\/wp\/v2\/posts\/47989","targetHints":{"allow":["GET"]}}],"collection":[{"href":"https:\/\/haberbesiktas.tr\/index.php?rest_route=\/wp\/v2\/posts"}],"about":[{"href":"https:\/\/haberbesiktas.tr\/index.php?rest_route=\/wp\/v2\/types\/post"}],"author":[{"embeddable":true,"href":"https:\/\/haberbesiktas.tr\/index.php?rest_route=\/wp\/v2\/users\/1"}],"replies":[{"embeddable":true,"href":"https:\/\/haberbesiktas.tr\/index.php?rest_route=%2Fwp%2Fv2%2Fcomments&post=47989"}],"version-history":[{"count":1,"href":"https:\/\/haberbesiktas.tr\/index.php?rest_route=\/wp\/v2\/posts\/47989\/revisions"}],"predecessor-version":[{"id":47991,"href":"https:\/\/haberbesiktas.tr\/index.php?rest_route=\/wp\/v2\/posts\/47989\/revisions\/47991"}],"wp:featuredmedia":[{"embeddable":true,"href":"https:\/\/haberbesiktas.tr\/index.php?rest_route=\/wp\/v2\/media\/47990"}],"wp:attachment":[{"href":"https:\/\/haberbesiktas.tr\/index.php?rest_route=%2Fwp%2Fv2%2Fmedia&parent=47989"}],"wp:term":[{"taxonomy":"category","embeddable":true,"href":"https:\/\/haberbesiktas.tr\/index.php?rest_route=%2Fwp%2Fv2%2Fcategories&post=47989"},{"taxonomy":"post_tag","embeddable":true,"href":"https:\/\/haberbesiktas.tr\/index.php?rest_route=%2Fwp%2Fv2%2Ftags&post=47989"}],"curies":[{"name":"wp","href":"https:\/\/api.w.org\/{rel}","templated":true}]}}