{"id":47995,"date":"2026-01-10T15:00:05","date_gmt":"2026-01-10T15:00:05","guid":{"rendered":"https:\/\/haberbesiktas.tr\/?p=47995"},"modified":"2026-01-10T15:00:05","modified_gmt":"2026-01-10T15:00:05","slug":"tpfd-baskani-saffet-akyuzden-bahis-sorusturmasi-icin-aciklama","status":"publish","type":"post","link":"https:\/\/haberbesiktas.tr\/?p=47995","title":{"rendered":"TPFD Ba\u015fkan\u0131 Saffet Aky\u00fcz&#8217;den &#8220;Bahis soru\u015fturmas\u0131&#8221; i\u00e7in a\u00e7\u0131klama"},"content":{"rendered":"<div>T\u00fcrkiye Profesyonel Futbolcular Derne\u011fi (TPFD) Ba\u015fkan\u0131 <strong>Saffet Aky\u00fcz<\/strong>, \u00e7ok say\u0131da futbolcunun ceza ald\u0131\u011f\u0131 &#8220;Bahis soru\u015fturmas\u0131&#8221; hakk\u0131nda a\u00e7\u0131klamalarda bulundu.<\/p>\n<p> T\u00fcrk futbolunun g\u00fc\u00e7l\u00fc bir s\u00fcre\u00e7ten ge\u00e7ti\u011fini belirten Aky\u00fcz, &#8220;<strong>Dilerim bu s\u00fcre\u00e7 tamamlan\u0131r, futbol eski heyecan\u0131na kavu\u015fur. Ortam\u0131zda kesinlikle kusur yapan be\u015ferler vard\u0131r lakin buradan nas\u0131l \u00e7\u0131kaca\u011f\u0131m\u0131zla ilgili de bir ak\u0131l ortaya koymam\u0131z gerekiyor.<\/strong>&#8221; dedi.<\/p>\n<p> Futbolculara a\u015fik\u00e2r mevzularda e\u011fitim verilmesi gerekti\u011fini vurgulayan Aky\u00fcz, &#8220;<strong>Bu s\u00fcre\u00e7le ilgili bizim s\u00f6yleyece\u011fimiz \u00e7ok \u015fey var ancak medyan\u0131n bize takviye olmamas\u0131 \u00fcz\u00fcc\u00fc. Bu s\u00fcrecin buraya gelmesine sebep olan alttaki nedenler ara\u015ft\u0131r\u0131lmad\u0131. D\u00f6rt y\u0131ld\u0131r dernek ba\u015fkanl\u0131\u011f\u0131 yap\u0131yorum. <\/p>\n<p>Bu s\u00fcre\u00e7te T\u00fcrkiye Futbol Federasyonuna, &#8216;Futbolcular\u0131n daima fizik\u00ee h\u00fcnerlerini geli\u015ftiriyoruz fakat mental olarak futbola haz\u0131rlam\u0131yoruz. Profesyonel bilin\u00e7lendirme yapmam\u0131z gerek.&#8217; dedik. Buna kar\u015f\u0131n bize bu mevzuyla ilgili olarak dayanak verilmedi. \u015eayet e\u011fitmeye o g\u00fcn ba\u015flasayd\u0131k bug\u00fcn bu olaya bula\u015fm\u0131\u015f futbolcular bilin\u00e7lenmi\u015f olacakt\u0131 ve bu kadar kirli bir futbol ortaya \u00e7\u0131kmayacakt\u0131. <\/p>\n<p>Dilerim bundan sonraki s\u00fcre\u00e7te de dernek, federasyonumuz, Gen\u00e7lik ve Spor Bakanl\u0131\u011f\u0131 ile Milli E\u011fitim Bakanl\u0131\u011f\u0131 bir arada hareket ederiz. Atat\u00fcrk&#8217;\u00fcn istedi\u011fi zeki, \u00e7evik ve ahlakl\u0131 sporcuyu olu\u015fturacak bir akl\u0131 futbolun i\u00e7indeki herkesin ortaya koymas\u0131n\u0131, tesiri olan insanlar\u0131n buraya m\u00fcdahil olmas\u0131n\u0131 temenni ediyoruz<\/strong>.&#8221; s\u00f6zlerini kulland\u0131.\u00a0 <\/p>\n<p> <strong>&#8211; &#8220;Bize ba\u015fvuran herkese yard\u0131m etmeye \u00e7al\u0131\u015f\u0131yoruz&#8221;<\/strong><\/p>\n<p> TPFD Ba\u015fkan\u0131 Aky\u00fcz, kendilerine ba\u015fvuran futbolculara hukuksal yard\u0131m sunduklar\u0131n\u0131 belirtti.<\/p>\n<p> Yak\u0131n vakitte tutuklu olan futbolcular\u0131 ziyarete gideceklerini aktaran Aky\u00fcz, &#8220;<strong>Hakemlerden sonra olay futbolculara ge\u00e7ti. Avukat\u0131m\u0131zla derne\u011fimize ba\u015fvuranlar\u0131n itiraz s\u00fcrecini takip ettik. Daima futbolculara y\u00f6nelik fiyats\u0131z dan\u0131\u015fmanl\u0131k hizmeti veriyoruz. Bize ba\u015fvuran herkese yard\u0131m etmeye \u00e7al\u0131\u015f\u0131yoruz ancak art planda ya\u015fananlar\u0131 g\u00f6remedi\u011fimiz pek \u00e7ok olay var. Oyuncular\u0131n bize bildirdikleriyle kar\u015f\u0131l\u0131k vermek zorunda kald\u0131k. Bizim yapabilece\u011fimiz buydu. Bundan sonraki s\u00fcre\u00e7te de tutuklu olan birtak\u0131m atletleri ziyaret edece\u011fiz. Onlar\u0131n s\u0131k\u0131nt\u0131lar\u0131n\u0131n giderilmesi i\u00e7in takviye olmak istiyoruz.<\/strong>&#8221; diye konu\u015ftu.\u00a0<\/p>\n<p> <strong>-&#8220;T\u00fcrk futbolunda bir ak\u0131l tutulmas\u0131 var&#8221;<\/strong><\/p>\n<p> Saffet Aky\u00fcz, son y\u0131llarda futbolculara verilen y\u00fcksek bonservis ve y\u0131ll\u0131k fiyatlar\u0131 ele\u015ftirdi.<\/p>\n<p> &#8220;T\u00fcrk futbolunda bir ak\u0131l tutulmas\u0131 var.&#8221; diyen Aky\u00fcz \u015funlar\u0131 kaydetti:<\/p>\n<p> &#8220;<strong>Sosyal medyada taraftar bask\u0131s\u0131yla b\u00fct\u00fcn kul\u00fcp liderleri ve y\u00f6neticiler, sonu d\u00fc\u015f\u00fcn\u00fclmeyen bir paray\u0131 harc\u0131yor. Sonu\u00e7ta geriye d\u00f6n\u00fcp bakt\u0131\u011f\u0131m\u0131zda 25 y\u0131lda Avrupa&#8217;da UEFA Kupas\u0131 \u015fampiyonu olmu\u015f yaln\u0131zca Galatasaray var. Ondan sonra bir muvaffakiyet yok. Bu paray\u0131 harcarken daha b\u00fcy\u00fck muvaffakiyetler getirecek bir ak\u0131l ortaya konmas\u0131 gerekiyordu. Maalesef sistemin i\u00e7indeki t\u00fcm \u00fcniteler taraftar\u0131n g\u00f6nl\u00fcn\u00fc be\u011fenilen etmek i\u00e7in para harc\u0131yor, k\u0131ymetli ve vakti ge\u00e7mi\u015f oyuncu transfer ediyorlar. Bundan vazge\u00e7medi\u011fi s\u00fcrece ortaya Avrupa&#8217;da bir muvaffakiyet \u00e7\u0131kaca\u011f\u0131n\u0131 sanm\u0131yorum.<\/strong>&#8220;<\/p>\n<\/div>\n","protected":false},"excerpt":{"rendered":"<p>T\u00fcrkiye Profesyonel Futbolcular Derne\u011fi (TPFD) Ba\u015fkan\u0131 Saffet Aky\u00fcz, &#8220;Bahis soru\u015fturmas\u0131&#8221; kapsam\u0131nda \u00e7ok say\u0131da futbolcunun isminin ge\u00e7mesini e\u011fitim eksikli\u011fine ba\u011flad\u0131.<\/p>\n","protected":false},"author":1,"featured_media":47996,"comment_status":"open","ping_status":"open","sticky":false,"template":"","format":"standard","meta":{"footnotes":""},"categories":[10],"tags":[3656,1803,172,2982,3655],"class_list":["post-47995","post","type-post","status-publish","format-standard","has-post-thumbnail","hentry","category-basketbol","tag-akyuz","tag-bize","tag-futbol","tag-futbolcular","tag-surec"],"_links":{"self":[{"href":"https:\/\/haberbesiktas.tr\/index.php?rest_route=\/wp\/v2\/posts\/47995","targetHints":{"allow":["GET"]}}],"collection":[{"href":"https:\/\/haberbesiktas.tr\/index.php?rest_route=\/wp\/v2\/posts"}],"about":[{"href":"https:\/\/haberbesiktas.tr\/index.php?rest_route=\/wp\/v2\/types\/post"}],"author":[{"embeddable":true,"href":"https:\/\/haberbesiktas.tr\/index.php?rest_route=\/wp\/v2\/users\/1"}],"replies":[{"embeddable":true,"href":"https:\/\/haberbesiktas.tr\/index.php?rest_route=%2Fwp%2Fv2%2Fcomments&post=47995"}],"version-history":[{"count":1,"href":"https:\/\/haberbesiktas.tr\/index.php?rest_route=\/wp\/v2\/posts\/47995\/revisions"}],"predecessor-version":[{"id":47997,"href":"https:\/\/haberbesiktas.tr\/index.php?rest_route=\/wp\/v2\/posts\/47995\/revisions\/47997"}],"wp:featuredmedia":[{"embeddable":true,"href":"https:\/\/haberbesiktas.tr\/index.php?rest_route=\/wp\/v2\/media\/47996"}],"wp:attachment":[{"href":"https:\/\/haberbesiktas.tr\/index.php?rest_route=%2Fwp%2Fv2%2Fmedia&parent=47995"}],"wp:term":[{"taxonomy":"category","embeddable":true,"href":"https:\/\/haberbesiktas.tr\/index.php?rest_route=%2Fwp%2Fv2%2Fcategories&post=47995"},{"taxonomy":"post_tag","embeddable":true,"href":"https:\/\/haberbesiktas.tr\/index.php?rest_route=%2Fwp%2Fv2%2Ftags&post=47995"}],"curies":[{"name":"wp","href":"https:\/\/api.w.org\/{rel}","templated":true}]}}