{"id":48023,"date":"2026-01-10T16:36:04","date_gmt":"2026-01-10T16:36:04","guid":{"rendered":"https:\/\/haberbesiktas.tr\/?p=48023"},"modified":"2026-01-10T16:36:04","modified_gmt":"2026-01-10T16:36:04","slug":"ergin-ataman-euroleague-veya-ligi-kazanamazsak-panathinaikostan-ayrilacagim-2","status":"publish","type":"post","link":"https:\/\/haberbesiktas.tr\/?p=48023","title":{"rendered":"Ergin Ataman: &#8220;EuroLeague veya ligi kazanamazsak Panathinaikos&#8217;tan ayr\u0131laca\u011f\u0131m!&#8221;"},"content":{"rendered":"<div>Panathinaikos AKTOR Ba\u015fantren\u00f6r\u00fc Ergin Ataman, bu d\u00f6nem EuroLeague ya da Yunanistan Ligi&#8217;nde \u015fampiyonlu\u011fa ula\u015famamalar\u0131 halinde misyonundan ayr\u0131laca\u011f\u0131n\u0131 s\u00f6yledi.<\/p>\n<p> Ataman, EuroLeague&#8217;in 21. haftas\u0131nda \u0130talya grubu Virtus Bologna ile 8 Ocak Per\u015fembe g\u00fcn\u00fc Atina&#8217;da oynayacaklar\u0131 ma\u00e7tan evvel ger\u00e7ekle\u015ftirilen idmanda bas\u0131n mensuplar\u0131na a\u00e7\u0131klamalarda bulundu.<\/p>\n<p> EuroLeague&#8217;de \u00e7\u0131kt\u0131klar\u0131 son 2 kar\u015f\u0131la\u015fmada Olympiakos ve EA7 Emporio Armani Milan&#8217;a ma\u011flup olduklar\u0131n\u0131n hat\u0131rlat\u0131lmas\u0131 \u00fczerine tecr\u00fcbeli ba\u015fantren\u00f6r, <strong>&#8220;Oyuncular\u0131ma b\u00fcy\u00fck inanc\u0131m var. Onlar i\u00e7in \u00f6b\u00fcr b\u00fcy\u00fck meydan okuma ger\u00e7ekle\u015ftirmek istiyorum. Bildi\u011finiz \u00fczere, gelecek d\u00f6nemin sonuna kadar mukavelem var. Fakat bu d\u00f6nem sonunda EuroLeague yahut Yunanistan Ligi&#8217;nde \u015fampiyonlu\u011fu kazanamazsak, Atina&#8217;dan ayr\u0131laca\u011f\u0131m.&#8221;<\/strong> tabirlerini kulland\u0131. <\/p>\n<p> \u00a0<\/p>\n<\/div>\n","protected":false},"excerpt":{"rendered":"<p>Ergin Ataman, Panathinaikos&#8217;taki gelece\u011fi hakk\u0131nda \u00e7arp\u0131c\u0131 a\u00e7\u0131klamalarda bulundu.<\/p>\n","protected":false},"author":1,"featured_media":48024,"comment_status":"open","ping_status":"open","sticky":false,"template":"","format":"standard","meta":{"footnotes":""},"categories":[10],"tags":[],"class_list":["post-48023","post","type-post","status-publish","format-standard","has-post-thumbnail","hentry","category-basketbol"],"_links":{"self":[{"href":"https:\/\/haberbesiktas.tr\/index.php?rest_route=\/wp\/v2\/posts\/48023","targetHints":{"allow":["GET"]}}],"collection":[{"href":"https:\/\/haberbesiktas.tr\/index.php?rest_route=\/wp\/v2\/posts"}],"about":[{"href":"https:\/\/haberbesiktas.tr\/index.php?rest_route=\/wp\/v2\/types\/post"}],"author":[{"embeddable":true,"href":"https:\/\/haberbesiktas.tr\/index.php?rest_route=\/wp\/v2\/users\/1"}],"replies":[{"embeddable":true,"href":"https:\/\/haberbesiktas.tr\/index.php?rest_route=%2Fwp%2Fv2%2Fcomments&post=48023"}],"version-history":[{"count":1,"href":"https:\/\/haberbesiktas.tr\/index.php?rest_route=\/wp\/v2\/posts\/48023\/revisions"}],"predecessor-version":[{"id":48025,"href":"https:\/\/haberbesiktas.tr\/index.php?rest_route=\/wp\/v2\/posts\/48023\/revisions\/48025"}],"wp:featuredmedia":[{"embeddable":true,"href":"https:\/\/haberbesiktas.tr\/index.php?rest_route=\/wp\/v2\/media\/48024"}],"wp:attachment":[{"href":"https:\/\/haberbesiktas.tr\/index.php?rest_route=%2Fwp%2Fv2%2Fmedia&parent=48023"}],"wp:term":[{"taxonomy":"category","embeddable":true,"href":"https:\/\/haberbesiktas.tr\/index.php?rest_route=%2Fwp%2Fv2%2Fcategories&post=48023"},{"taxonomy":"post_tag","embeddable":true,"href":"https:\/\/haberbesiktas.tr\/index.php?rest_route=%2Fwp%2Fv2%2Ftags&post=48023"}],"curies":[{"name":"wp","href":"https:\/\/api.w.org\/{rel}","templated":true}]}}