{"id":48038,"date":"2026-01-10T17:36:03","date_gmt":"2026-01-10T17:36:03","guid":{"rendered":"https:\/\/haberbesiktas.tr\/?p=48038"},"modified":"2026-01-10T17:36:03","modified_gmt":"2026-01-10T17:36:03","slug":"guendouziden-tedescoya-derbi-icin-hazir-geldim","status":"publish","type":"post","link":"https:\/\/haberbesiktas.tr\/?p=48038","title":{"rendered":"Guendouzi&#8217;den Tedesco&#8217;ya: &#8220;Derbi i\u00e7in haz\u0131r geldim&#8221;"},"content":{"rendered":"<div>Fenerbah\u00e7e&#8217;nin yeni transferi Matteo Guendouzi, d\u00fcn kadro arkada\u015flar\u0131 ile tan\u0131\u015f\u0131p birinci idman\u0131na \u00e7\u0131kt\u0131.<\/p>\n<p> Herkesle tek tek selamla\u015fan Frans\u0131z oyuncu, akabinde da \u00e7al\u0131\u015fman\u0131n tamam\u0131nda yer ald\u0131.<\/p>\n<p> Teknik y\u00f6netici Domenico Tedesco ile bir k\u00fc\u00e7\u00fck toplant\u0131 yapan Guendouzi, bug\u00fcn oynanacak m\u00fcsabaka i\u00e7in forma istedi. <\/p>\n<p> Fizik durumunun yan\u0131 s\u0131ra moral olarak da \u00e7ok yeterli oldu\u011funu belirten Frans\u0131z oyuncu, G.Saray ile oynanacak kritik final ma\u00e7\u0131nda talih verilmesi halinde alana \u00e7\u0131kmaya haz\u0131r oldu\u011funu s\u00f6yledi.<\/p>\n<p> <strong>&#8220;BU MA\u00c7A HAZIR B\u0130R HALDE GELD\u0130M&#8221;<\/strong><\/p>\n<p> Bu \u015fekil ma\u00e7lar\u0131 mesle\u011finde \u00e7ok kere oynad\u0131\u011f\u0131n\u0131n alt\u0131n\u0131 \u00e7izen oyuncu, \u015fu s\u00f6zlerle hocas\u0131ndan birinci 11 baht\u0131 istedi: <strong>&#8220;Kupay\u0131 kazanaca\u011f\u0131m\u0131zdan hi\u00e7 ku\u015fkum yok. Ben de bu ma\u00e7a haz\u0131r bir bi\u00e7imde geldim ve oynamak istiyorum. Bir an evvel F.Bah\u00e7e taraftar\u0131n\u0131n \u00f6n\u00fcne \u00e7\u0131kmak, ekip arkada\u015flar\u0131mla muvaffakiyete ula\u015fmak istiyorum. Karar sizin lakin bilmenizi isterim ben tam konsantrasyon ile ma\u00e7a haz\u0131r\u0131m.&#8221;<\/strong><\/p>\n<p> <strong>6 M\u0130LYON EURO ALACAK<br \/><\/strong><br \/>30 milyon Euro bedelle F.Bah\u00e7e&#8217;ye imza atan Matteo Guendouzi, d\u00fcn kadro arkada\u015flar\u0131na \u00e7abucak ahenk sa\u011flad\u0131. Can Bartu Tesisleri&#8217;ndeki taktik y\u00fckl\u00fc \u00e7al\u0131\u015fmaya dahil olan oyuncu, sempatik hareketleri ile de dikkat \u00e7ekti. Bu ortada Guendouzi&#8217;nin d\u00f6nem ba\u015f\u0131na 6 milyon Euro kazanaca\u011f\u0131 \u00f6\u011frenildi.\u00a0<\/p>\n<\/div>\n","protected":false},"excerpt":{"rendered":"<p>Fenerbah\u00e7e&#8217;nin yeni transferi Frans\u0131z orta saha Matteo Guendouzi, d\u00fcn kadroyla birlikte birinci egzersizine \u00e7\u0131kt\u0131. Domenico Tedesco ile bir m\u00fchlet sohbet eden tecr\u00fcbeli oyuncu, kupay\u0131 kazan\u0131rken kadroya yard\u0131mc\u0131 olmak istedi\u011fini s\u00f6yledi.<\/p>\n","protected":false},"author":1,"featured_media":48039,"comment_status":"open","ping_status":"open","sticky":false,"template":"","format":"standard","meta":{"footnotes":""},"categories":[25],"tags":[],"class_list":["post-48038","post","type-post","status-publish","format-standard","has-post-thumbnail","hentry","category-futbol"],"_links":{"self":[{"href":"https:\/\/haberbesiktas.tr\/index.php?rest_route=\/wp\/v2\/posts\/48038","targetHints":{"allow":["GET"]}}],"collection":[{"href":"https:\/\/haberbesiktas.tr\/index.php?rest_route=\/wp\/v2\/posts"}],"about":[{"href":"https:\/\/haberbesiktas.tr\/index.php?rest_route=\/wp\/v2\/types\/post"}],"author":[{"embeddable":true,"href":"https:\/\/haberbesiktas.tr\/index.php?rest_route=\/wp\/v2\/users\/1"}],"replies":[{"embeddable":true,"href":"https:\/\/haberbesiktas.tr\/index.php?rest_route=%2Fwp%2Fv2%2Fcomments&post=48038"}],"version-history":[{"count":1,"href":"https:\/\/haberbesiktas.tr\/index.php?rest_route=\/wp\/v2\/posts\/48038\/revisions"}],"predecessor-version":[{"id":48040,"href":"https:\/\/haberbesiktas.tr\/index.php?rest_route=\/wp\/v2\/posts\/48038\/revisions\/48040"}],"wp:featuredmedia":[{"embeddable":true,"href":"https:\/\/haberbesiktas.tr\/index.php?rest_route=\/wp\/v2\/media\/48039"}],"wp:attachment":[{"href":"https:\/\/haberbesiktas.tr\/index.php?rest_route=%2Fwp%2Fv2%2Fmedia&parent=48038"}],"wp:term":[{"taxonomy":"category","embeddable":true,"href":"https:\/\/haberbesiktas.tr\/index.php?rest_route=%2Fwp%2Fv2%2Fcategories&post=48038"},{"taxonomy":"post_tag","embeddable":true,"href":"https:\/\/haberbesiktas.tr\/index.php?rest_route=%2Fwp%2Fv2%2Ftags&post=48038"}],"curies":[{"name":"wp","href":"https:\/\/api.w.org\/{rel}","templated":true}]}}