{"id":48041,"date":"2026-01-10T17:48:05","date_gmt":"2026-01-10T17:48:05","guid":{"rendered":"https:\/\/haberbesiktas.tr\/?p=48041"},"modified":"2026-01-10T17:48:05","modified_gmt":"2026-01-10T17:48:05","slug":"besiktastan-kiran-kirana-tavares-pazarligi","status":"publish","type":"post","link":"https:\/\/haberbesiktas.tr\/?p=48041","title":{"rendered":"Be\u015fikta\u015f&#8217;tan k\u0131ran k\u0131rana Tavares pazarl\u0131\u011f\u0131!"},"content":{"rendered":"<div>Be\u015fikta\u015f&#8217;\u0131n transferde \u00f6ncelik verdi\u011fi durum olan sol bekte, fla\u015f geli\u015fmeler ya\u015fan\u0131yor.<\/p>\n<p> Vasco&#8217;dan Lucas Piton transferini \u00f6deme krizi nedeniyle beklemeye alan siyah beyazl\u0131lar, rotas\u0131n\u0131 \u0130talya&#8217;ya \u00e7evirdi.<\/p>\n<p> Serie A tak\u0131m\u0131 Lazio formas\u0131 giyen Portekizli y\u0131ld\u0131z Nuno Tavares i\u00e7in te\u015febb\u00fcslere ba\u015flayan Kara Kartal, birinci g\u00f6r\u00fc\u015fmede y\u00fcksek bir bonservis bedeliyle kar\u015f\u0131la\u015ft\u0131. <\/p>\n<p> <strong>BEKLENT\u0130 7 M\u0130LYON EURO<\/strong><\/p>\n<p> \u0130talyan devi, d\u00f6nem ba\u015f\u0131nda Arsenal&#8217;dan 6 milyon euro&#8217;ya ald\u0131\u011f\u0131 25 ya\u015f\u0131ndaki sol bek i\u00e7in bonservis beklentisini y\u00fcksek tuttu. Roma temsilcisinin, 7 milyon euro talep etti\u011fi \u00f6\u011frenildi.<\/p>\n<p> <strong>KIRAN KIRANA PAZARLIK<\/strong><\/p>\n<p> \u0130darenin, 7 milyon euro&#8217;luk talebi a\u015fa\u011f\u0131 \u00e7ekmek i\u00e7in k\u0131ran k\u0131rana bir pazarl\u0131k s\u00fcrecine girdi\u011fi, deneyimli sol beki sat\u0131n alma opsiyonlu kiralama form\u00fcl\u00fcyle tak\u0131m\u0131na katmak i\u00e7in t\u00fcm kurallar\u0131n\u0131 zorlad\u0131\u011f\u0131 belirtildi.<\/p>\n<p> <strong>BU D\u00d6NEM TAVARES<\/strong><\/p>\n<p> Benfica, Arsenal ve Marsily \u00fczere devlerde ter d\u00f6ken Tavares, bu d\u00f6nem 10 ma\u00e7ta 1 asist katk\u0131s\u0131 sa\u011flad\u0131. 3 defa Portekiz Ulusal Kadrosu formas\u0131n\u0131 giydi.\u00a0<\/p>\n<\/div>\n","protected":false},"excerpt":{"rendered":"<p>Sol bekte Vasco&#8217;dan Lucas Piton&#8217;u beklemeye alan Be\u015fikta\u015f, Lazio&#8217;dan Portekizli Nuno Tavares&#8217;e rotas\u0131n\u0131 k\u0131rd\u0131. \u0130talyan grubunda mutsuz olan 25 ya\u015f\u0131ndaki savunma oyuncusu i\u00e7in t\u00fcm kaideler zorlan\u0131yor.<\/p>\n","protected":false},"author":1,"featured_media":48042,"comment_status":"open","ping_status":"open","sticky":false,"template":"","format":"standard","meta":{"footnotes":""},"categories":[25],"tags":[594],"class_list":["post-48041","post","type-post","status-publish","format-standard","has-post-thumbnail","hentry","category-futbol","tag-bek"],"_links":{"self":[{"href":"https:\/\/haberbesiktas.tr\/index.php?rest_route=\/wp\/v2\/posts\/48041","targetHints":{"allow":["GET"]}}],"collection":[{"href":"https:\/\/haberbesiktas.tr\/index.php?rest_route=\/wp\/v2\/posts"}],"about":[{"href":"https:\/\/haberbesiktas.tr\/index.php?rest_route=\/wp\/v2\/types\/post"}],"author":[{"embeddable":true,"href":"https:\/\/haberbesiktas.tr\/index.php?rest_route=\/wp\/v2\/users\/1"}],"replies":[{"embeddable":true,"href":"https:\/\/haberbesiktas.tr\/index.php?rest_route=%2Fwp%2Fv2%2Fcomments&post=48041"}],"version-history":[{"count":1,"href":"https:\/\/haberbesiktas.tr\/index.php?rest_route=\/wp\/v2\/posts\/48041\/revisions"}],"predecessor-version":[{"id":48043,"href":"https:\/\/haberbesiktas.tr\/index.php?rest_route=\/wp\/v2\/posts\/48041\/revisions\/48043"}],"wp:featuredmedia":[{"embeddable":true,"href":"https:\/\/haberbesiktas.tr\/index.php?rest_route=\/wp\/v2\/media\/48042"}],"wp:attachment":[{"href":"https:\/\/haberbesiktas.tr\/index.php?rest_route=%2Fwp%2Fv2%2Fmedia&parent=48041"}],"wp:term":[{"taxonomy":"category","embeddable":true,"href":"https:\/\/haberbesiktas.tr\/index.php?rest_route=%2Fwp%2Fv2%2Fcategories&post=48041"},{"taxonomy":"post_tag","embeddable":true,"href":"https:\/\/haberbesiktas.tr\/index.php?rest_route=%2Fwp%2Fv2%2Ftags&post=48041"}],"curies":[{"name":"wp","href":"https:\/\/api.w.org\/{rel}","templated":true}]}}