{"id":48098,"date":"2026-01-10T22:00:04","date_gmt":"2026-01-10T22:00:04","guid":{"rendered":"https:\/\/haberbesiktas.tr\/?p=48098"},"modified":"2026-01-10T22:00:04","modified_gmt":"2026-01-10T22:00:04","slug":"goztepeden-dwomoh-atagi","status":"publish","type":"post","link":"https:\/\/haberbesiktas.tr\/?p=48098","title":{"rendered":"G\u00f6ztepe&#8217;den Dwomoh ata\u011f\u0131"},"content":{"rendered":"<div>G\u00f6ztepe, d\u0131\u015f transferde orta saha ve hamle s\u0131n\u0131r\u0131n\u0131 gen\u00e7 ve potansiyelli isimlerle g\u00fc\u00e7lendirmeye devam ediyor.<\/p>\n<p> Son devirde Alexis Antunes ve Guilherme Luiz&#8217;i renklerine ba\u011flayan sar\u0131-k\u0131rm\u0131z\u0131l\u0131 tak\u0131m, art\u0131k \u0130ngiltere Championship tak\u0131mlar\u0131ndan Watford&#8217;da forma giyen 21 ya\u015f\u0131ndaki Bel\u00e7ikal\u0131 merkez orta saha oyuncusu Pierre Dwomoh&#8217;u g\u00fcndemine ald\u0131. Orta saha s\u0131n\u0131r\u0131na fizik g\u00fcc\u00fc, dinamizmi ve iki istikametli oyunuyla dikkat \u00e7eken gen\u00e7 bir destek hedefleyen G\u00f6z G\u00f6z&#8217;de, teknik heyet oyuncuyu istiyor<\/p>\n<p> <strong>K\u0130RALIK FORM\u00dcL\u00dc<\/strong> <\/p>\n<p> D\u00f6nemin ikinci yar\u0131s\u0131nda Avrupa kupalar\u0131 gayesini s\u00fcrd\u00fcrmek isteyen \u0130zmir temsilcisi, tak\u0131m derinli\u011fini art\u0131rmak i\u00e7in bilhassa gen\u00e7 ve geli\u015fime a\u00e7\u0131k isimlere y\u00f6neliyor. Watford ile kontrat\u0131 Haziran 2028&#8217;e kadar devam eden 21 ya\u015f\u0131ndaki oyuncuya ula\u015fmak i\u00e7in G\u00f6ztepe idaresi, sat\u0131n alma opsiyonlu kiralama ba\u015fta olmak \u00fczere \u00e7e\u015fitli form\u00fcller \u00fczerinde duruyor. Bu d\u00f6nem Watford formas\u0131yla hudutlu m\u00fchlet alan Dwomoh sakatl\u0131k problemleri nedeniyle yaln\u0131zca 1 resmi ma\u00e7a \u00e7\u0131kt\u0131.<\/p>\n<p> G\u00f6ztepe&#8217;nin ayr\u0131yeten Kayserispor&#8217;un kalecisi Mehmet \u015eamil \u00d6zt\u00fcrk&#8217;le g\u00f6r\u00fc\u015ft\u00fc\u011f\u00fc arg\u00fcman edildi. Sar\u0131-k\u0131rm\u0131z\u0131l\u0131lar\u0131n 20 ya\u015f\u0131ndaki file bek\u00e7isi i\u00e7in Kayserispor idaresiyle de masaya oturdu\u011fu tabir edildi.<\/p>\n<\/div>\n","protected":false},"excerpt":{"rendered":"<p>G\u00f6ztepe, \u0130ngiltere Championship tak\u0131mlar\u0131ndan Watford&#8217;da forma giyen 21 ya\u015f\u0131ndaki Bel\u00e7ikal\u0131 orta saha oyuncusu Pierre Dwomoh&#8217;u bitiriyor.<\/p>\n","protected":false},"author":1,"featured_media":48099,"comment_status":"open","ping_status":"open","sticky":false,"template":"","format":"standard","meta":{"footnotes":""},"categories":[25],"tags":[816],"class_list":["post-48098","post","type-post","status-publish","format-standard","has-post-thumbnail","hentry","category-futbol","tag-goz"],"_links":{"self":[{"href":"https:\/\/haberbesiktas.tr\/index.php?rest_route=\/wp\/v2\/posts\/48098","targetHints":{"allow":["GET"]}}],"collection":[{"href":"https:\/\/haberbesiktas.tr\/index.php?rest_route=\/wp\/v2\/posts"}],"about":[{"href":"https:\/\/haberbesiktas.tr\/index.php?rest_route=\/wp\/v2\/types\/post"}],"author":[{"embeddable":true,"href":"https:\/\/haberbesiktas.tr\/index.php?rest_route=\/wp\/v2\/users\/1"}],"replies":[{"embeddable":true,"href":"https:\/\/haberbesiktas.tr\/index.php?rest_route=%2Fwp%2Fv2%2Fcomments&post=48098"}],"version-history":[{"count":1,"href":"https:\/\/haberbesiktas.tr\/index.php?rest_route=\/wp\/v2\/posts\/48098\/revisions"}],"predecessor-version":[{"id":48100,"href":"https:\/\/haberbesiktas.tr\/index.php?rest_route=\/wp\/v2\/posts\/48098\/revisions\/48100"}],"wp:featuredmedia":[{"embeddable":true,"href":"https:\/\/haberbesiktas.tr\/index.php?rest_route=\/wp\/v2\/media\/48099"}],"wp:attachment":[{"href":"https:\/\/haberbesiktas.tr\/index.php?rest_route=%2Fwp%2Fv2%2Fmedia&parent=48098"}],"wp:term":[{"taxonomy":"category","embeddable":true,"href":"https:\/\/haberbesiktas.tr\/index.php?rest_route=%2Fwp%2Fv2%2Fcategories&post=48098"},{"taxonomy":"post_tag","embeddable":true,"href":"https:\/\/haberbesiktas.tr\/index.php?rest_route=%2Fwp%2Fv2%2Ftags&post=48098"}],"curies":[{"name":"wp","href":"https:\/\/api.w.org\/{rel}","templated":true}]}}