{"id":48101,"date":"2026-01-10T22:12:04","date_gmt":"2026-01-10T22:12:04","guid":{"rendered":"https:\/\/haberbesiktas.tr\/?p=48101"},"modified":"2026-01-10T22:12:04","modified_gmt":"2026-01-10T22:12:04","slug":"amedspordan-kocaelispora-syrota-hamlesi","status":"publish","type":"post","link":"https:\/\/haberbesiktas.tr\/?p=48101","title":{"rendered":"Amedspor&#8217;dan Kocaelispor&#8217;a Syrota hamlesi"},"content":{"rendered":"<div>\n<div>Kocaelispor&#8217;un ba\u015far\u0131l\u0131 savunmac\u0131s\u0131 Oleksandr Syrota&#8217;ya Trendyol 1. Lig&#8217;den s\u00fcrpriz bir talip \u00e7\u0131kt\u0131.\u00a0<\/div>\n<div>\u00a0<\/div>\n<div>\u015eampiyonluk maksad\u0131yla tak\u0131m\u0131n\u0131 g\u00fc\u00e7lendirmek isteyen Amedspor&#8217;un oyuncu i\u00e7in te\u015febb\u00fcslere haz\u0131rland\u0131\u011f\u0131 \u00f6\u011frenildi.<\/div>\n<div>\u00a0<\/div>\n<div><strong>AMEDSPOR TRANSFER \u0130\u00c7\u0130N HAREKETE GE\u00c7T\u0130<\/strong><\/div>\n<div>\u00a0<\/div>\n<div>Trendyol 1. Lig&#8217;de tepe u\u011fra\u015f\u0131 veren Amedspor, devre ortas\u0131 transfer periyodunda savunma s\u0131n\u0131r\u0131n\u0131 g\u00fc\u00e7lendirmek ismine rotas\u0131n\u0131 Kocaelispor&#8217;da forma giyen Oleksandr Syrota&#8217;ya \u00e7evirdi.<\/div>\n<div>\u00a0<\/div>\n<div>Ye\u015fil-k\u0131rm\u0131z\u0131l\u0131 tak\u0131m\u0131n, yetenekli savunmac\u0131y\u0131 tak\u0131m\u0131na katmak istedi\u011fi tabir edilirken, Kocaelispor cephesinde ise teklifin kul\u00fcp idaresi taraf\u0131ndan de\u011ferlendirilece\u011fi \u00f6\u011frenildi.<\/div>\n<div>\u00a0<\/div>\n<div>\u00a0<\/div>\n<div><strong>YABANCI KONTENJANI AYRINTISI D\u0130KKAT \u00c7EKT\u0130<\/strong><\/div>\n<div>\u00a0<\/div>\n<div>Oleksandr Syrota&#8217;n\u0131n transferine ait oyuncunun nas\u0131l bir karar verece\u011fi ise \u015fimdi netlik kazanmad\u0131.<\/div>\n<div>\u00a0<\/div>\n<div>Ba\u015far\u0131l\u0131 savunmac\u0131n\u0131n Amedspor&#8217;a transfer olmas\u0131 durumunda Kocaelispor&#8217;un tak\u0131m\u0131nda 1 yabanc\u0131 oyuncu kontenjan\u0131 a\u00e7\u0131laca\u011f\u0131 ve bu durumun transfer planlamas\u0131nda k\u0131ymetli bir avantaj sa\u011flayaca\u011f\u0131 belirtiliyor.<\/div>\n<div>\u00a0<\/div>\n<div>Geli\u015fmelerin \u00f6n\u00fcm\u00fczdeki g\u00fcnlerde netle\u015fmesi bekleniyor. <strong>(\u00d6zg\u00fcr Kocaeli)<\/strong><\/div>\n<\/p><\/div>\n","protected":false},"excerpt":{"rendered":"<p>Trendyol 1. Lig&#8217;de \u015fampiyonluk hedefleyen Amedspor, Kocaelispor&#8217;un ba\u015far\u0131l\u0131 savunmac\u0131s\u0131 Oleksandr Syrota&#8217;y\u0131 tak\u0131m\u0131na katmak i\u00e7in devre ortas\u0131 transfer devrinde harekete ge\u00e7ti.<\/p>\n","protected":false},"author":1,"featured_media":48102,"comment_status":"open","ping_status":"open","sticky":false,"template":"","format":"standard","meta":{"footnotes":""},"categories":[25],"tags":[48],"class_list":["post-48101","post","type-post","status-publish","format-standard","has-post-thumbnail","hentry","category-futbol","tag-transfer"],"_links":{"self":[{"href":"https:\/\/haberbesiktas.tr\/index.php?rest_route=\/wp\/v2\/posts\/48101","targetHints":{"allow":["GET"]}}],"collection":[{"href":"https:\/\/haberbesiktas.tr\/index.php?rest_route=\/wp\/v2\/posts"}],"about":[{"href":"https:\/\/haberbesiktas.tr\/index.php?rest_route=\/wp\/v2\/types\/post"}],"author":[{"embeddable":true,"href":"https:\/\/haberbesiktas.tr\/index.php?rest_route=\/wp\/v2\/users\/1"}],"replies":[{"embeddable":true,"href":"https:\/\/haberbesiktas.tr\/index.php?rest_route=%2Fwp%2Fv2%2Fcomments&post=48101"}],"version-history":[{"count":1,"href":"https:\/\/haberbesiktas.tr\/index.php?rest_route=\/wp\/v2\/posts\/48101\/revisions"}],"predecessor-version":[{"id":48103,"href":"https:\/\/haberbesiktas.tr\/index.php?rest_route=\/wp\/v2\/posts\/48101\/revisions\/48103"}],"wp:featuredmedia":[{"embeddable":true,"href":"https:\/\/haberbesiktas.tr\/index.php?rest_route=\/wp\/v2\/media\/48102"}],"wp:attachment":[{"href":"https:\/\/haberbesiktas.tr\/index.php?rest_route=%2Fwp%2Fv2%2Fmedia&parent=48101"}],"wp:term":[{"taxonomy":"category","embeddable":true,"href":"https:\/\/haberbesiktas.tr\/index.php?rest_route=%2Fwp%2Fv2%2Fcategories&post=48101"},{"taxonomy":"post_tag","embeddable":true,"href":"https:\/\/haberbesiktas.tr\/index.php?rest_route=%2Fwp%2Fv2%2Ftags&post=48101"}],"curies":[{"name":"wp","href":"https:\/\/api.w.org\/{rel}","templated":true}]}}