{"id":48104,"date":"2026-01-10T22:24:03","date_gmt":"2026-01-10T22:24:03","guid":{"rendered":"https:\/\/haberbesiktas.tr\/?p=48104"},"modified":"2026-01-10T22:24:03","modified_gmt":"2026-01-10T22:24:03","slug":"galatasaray-mct-technicte-bugrahan-tuncer-soku","status":"publish","type":"post","link":"https:\/\/haberbesiktas.tr\/?p=48104","title":{"rendered":"Galatasaray MCT Technic&#8217;te Bu\u011frahan Tuncer \u015foku"},"content":{"rendered":"<div>\n<div>Galatasaray MCT Technic basketbolcusu Bu\u011frahan Tuncer&#8217;in adalesinde y\u0131rt\u0131k tespit edildi.<\/div>\n<div>\u00a0<\/div>\n<div>Sar\u0131-k\u0131rm\u0131z\u0131l\u0131 kul\u00fcpten yap\u0131lan a\u00e7\u0131klamada, oyuncuya yap\u0131lan tetkikler sonucunda sa\u011f kal\u00e7a adalesinde birinci derece y\u0131rt\u0131k tespit edildi\u011fi bildirildi.<\/div>\n<div>\u00a0<\/div>\n<div>A\u00e7\u0131klamada, oyuncunun tedavisine ba\u015fland\u0131\u011f\u0131 belirtilerek, &#8220;Bu\u011frahan Tuncer&#8217;e ge\u00e7mi\u015f olsun dileklerimizi iletir, en k\u0131sa m\u00fcddette ekibimizdeki yerini almas\u0131n\u0131 temenni ederiz.&#8221; s\u00f6zleri kullan\u0131ld\u0131.<\/div>\n<\/p><\/div>\n","protected":false},"excerpt":{"rendered":"<p>Galatasaray MCT Technic, oyuncusu Bu\u011frahan Tuncer&#8217;in sa\u011f kal\u00e7a adalesinde birinci derece y\u0131rt\u0131k tespit edildi\u011fini a\u00e7\u0131klad\u0131.<\/p>\n","protected":false},"author":1,"featured_media":48105,"comment_status":"open","ping_status":"open","sticky":false,"template":"","format":"standard","meta":{"footnotes":""},"categories":[10],"tags":[],"class_list":["post-48104","post","type-post","status-publish","format-standard","has-post-thumbnail","hentry","category-basketbol"],"_links":{"self":[{"href":"https:\/\/haberbesiktas.tr\/index.php?rest_route=\/wp\/v2\/posts\/48104","targetHints":{"allow":["GET"]}}],"collection":[{"href":"https:\/\/haberbesiktas.tr\/index.php?rest_route=\/wp\/v2\/posts"}],"about":[{"href":"https:\/\/haberbesiktas.tr\/index.php?rest_route=\/wp\/v2\/types\/post"}],"author":[{"embeddable":true,"href":"https:\/\/haberbesiktas.tr\/index.php?rest_route=\/wp\/v2\/users\/1"}],"replies":[{"embeddable":true,"href":"https:\/\/haberbesiktas.tr\/index.php?rest_route=%2Fwp%2Fv2%2Fcomments&post=48104"}],"version-history":[{"count":1,"href":"https:\/\/haberbesiktas.tr\/index.php?rest_route=\/wp\/v2\/posts\/48104\/revisions"}],"predecessor-version":[{"id":48106,"href":"https:\/\/haberbesiktas.tr\/index.php?rest_route=\/wp\/v2\/posts\/48104\/revisions\/48106"}],"wp:featuredmedia":[{"embeddable":true,"href":"https:\/\/haberbesiktas.tr\/index.php?rest_route=\/wp\/v2\/media\/48105"}],"wp:attachment":[{"href":"https:\/\/haberbesiktas.tr\/index.php?rest_route=%2Fwp%2Fv2%2Fmedia&parent=48104"}],"wp:term":[{"taxonomy":"category","embeddable":true,"href":"https:\/\/haberbesiktas.tr\/index.php?rest_route=%2Fwp%2Fv2%2Fcategories&post=48104"},{"taxonomy":"post_tag","embeddable":true,"href":"https:\/\/haberbesiktas.tr\/index.php?rest_route=%2Fwp%2Fv2%2Ftags&post=48104"}],"curies":[{"name":"wp","href":"https:\/\/api.w.org\/{rel}","templated":true}]}}