{"id":48107,"date":"2026-01-10T22:36:04","date_gmt":"2026-01-10T22:36:04","guid":{"rendered":"https:\/\/haberbesiktas.tr\/?p=48107"},"modified":"2026-01-10T22:36:04","modified_gmt":"2026-01-10T22:36:04","slug":"fransadan-szymanski-icin-transfer-aciklamasi","status":"publish","type":"post","link":"https:\/\/haberbesiktas.tr\/?p=48107","title":{"rendered":"Fransa&#8217;dan Szymanski i\u00e7in transfer a\u00e7\u0131klamas\u0131"},"content":{"rendered":"<div>Fenerbah\u00e7e&#8217;den ayr\u0131laca\u011f\u0131 ile ilgili tezler g\u00fcndeme gelen Sebastian Szymanski i\u00e7in resmi transfer a\u00e7\u0131klamas\u0131 geldi.<\/p>\n<p> Polonyal\u0131 futbolcuyla ilgilenen gruplar\u0131n ortas\u0131nda Ligue 1 ekibi Rennes oldu\u011fu arg\u00fcman edilmi\u015f, Frans\u0131z grubunun transfer i\u00e7in teklif yapabilece\u011fi iletilmi\u015fti.<\/p>\n<p> Rennes Teknik Y\u00f6neticisi Habib Beye&#8217;den Sebaistan Szymanski&#8217;nin transferi hakk\u0131nda a\u00e7\u0131klama geldi. <\/p>\n<p> Habib Beyefendiye, Szymanski ile ilgilenip ilgilenmediklerine dair gelen soruya \u015fu cevab\u0131 verdi;<\/p>\n<p> <strong>&#8220;Hay\u0131r, ben hi\u00e7bir \u015feyi do\u011frulam\u0131yorum. T\u00fcm profiller \u00fczerinde sakin ad\u0131mlarla ilerlemeliyiz. Kimlerle ilgilendi\u011fimizi biliyoruz, lakin yarat\u0131c\u0131 orta saha konusunda ivedi etmeyece\u011fiz zira i\u015fin mant\u0131kl\u0131 olmas\u0131 gerekiyor. Kolektif manada bir \u00fcst d\u00fczeye \u00e7\u0131kmam\u0131z\u0131 sa\u011flayacak oyuncuyu bulmam\u0131z laz\u0131m; \u015fayet bulamazsak mevcut tak\u0131mla devam edece\u011fiz. Her iki tarafta de \u00e7ok \u015fey olabilir, gerekeni yapaca\u011f\u0131z.&#8221;<\/strong><\/p>\n<p> \u00d6te yandan L&#8217;Equipe&#8217;te yer alan haberde; Rennes&#8217;in Szymanski&#8217;yi tak\u0131m\u0131na katmak istedi\u011fi ama transfer i\u00e7in gereken kurallar\u0131n \u015fu an i\u00e7in epey y\u00fcksek oldu\u011fu tabir edildi.<\/p>\n<p> Rennes&#8217;te forma giyen Glen Kamara&#8217;n\u0131n ayr\u0131lmas\u0131 halinde, Polonyal\u0131 futbolcu i\u00e7in atak yap\u0131labilece\u011fi de haberde yer ald\u0131.<\/p>\n<p> <strong>SEZON PERFORMANSI<br \/><\/strong><br \/>Fenerbah\u00e7e&#8217;de bu d\u00f6nem 25 ma\u00e7ta m\u00fchlet bulan 26 ya\u015f\u0131ndaki futbolcu, 2 gol att\u0131 ve 2 asist yapt\u0131.\u00a0<\/p>\n<\/div>\n","protected":false},"excerpt":{"rendered":"<p>Fenerbah\u00e7e&#8217;den ayr\u0131laca\u011f\u0131 konu\u015fulan Sebastian Szymanski ile ilgilendi\u011fi sav edilen Rennes teknik y\u00f6neticisi Habib Beyefendiye, mevzuyla ilgili a\u00e7\u0131klama yapt\u0131.<\/p>\n","protected":false},"author":1,"featured_media":48108,"comment_status":"open","ping_status":"open","sticky":false,"template":"","format":"standard","meta":{"footnotes":""},"categories":[25],"tags":[],"class_list":["post-48107","post","type-post","status-publish","format-standard","has-post-thumbnail","hentry","category-futbol"],"_links":{"self":[{"href":"https:\/\/haberbesiktas.tr\/index.php?rest_route=\/wp\/v2\/posts\/48107","targetHints":{"allow":["GET"]}}],"collection":[{"href":"https:\/\/haberbesiktas.tr\/index.php?rest_route=\/wp\/v2\/posts"}],"about":[{"href":"https:\/\/haberbesiktas.tr\/index.php?rest_route=\/wp\/v2\/types\/post"}],"author":[{"embeddable":true,"href":"https:\/\/haberbesiktas.tr\/index.php?rest_route=\/wp\/v2\/users\/1"}],"replies":[{"embeddable":true,"href":"https:\/\/haberbesiktas.tr\/index.php?rest_route=%2Fwp%2Fv2%2Fcomments&post=48107"}],"version-history":[{"count":1,"href":"https:\/\/haberbesiktas.tr\/index.php?rest_route=\/wp\/v2\/posts\/48107\/revisions"}],"predecessor-version":[{"id":48109,"href":"https:\/\/haberbesiktas.tr\/index.php?rest_route=\/wp\/v2\/posts\/48107\/revisions\/48109"}],"wp:featuredmedia":[{"embeddable":true,"href":"https:\/\/haberbesiktas.tr\/index.php?rest_route=\/wp\/v2\/media\/48108"}],"wp:attachment":[{"href":"https:\/\/haberbesiktas.tr\/index.php?rest_route=%2Fwp%2Fv2%2Fmedia&parent=48107"}],"wp:term":[{"taxonomy":"category","embeddable":true,"href":"https:\/\/haberbesiktas.tr\/index.php?rest_route=%2Fwp%2Fv2%2Fcategories&post=48107"},{"taxonomy":"post_tag","embeddable":true,"href":"https:\/\/haberbesiktas.tr\/index.php?rest_route=%2Fwp%2Fv2%2Ftags&post=48107"}],"curies":[{"name":"wp","href":"https:\/\/api.w.org\/{rel}","templated":true}]}}