{"id":48164,"date":"2026-01-11T02:00:05","date_gmt":"2026-01-11T02:00:05","guid":{"rendered":"https:\/\/haberbesiktas.tr\/?p=48164"},"modified":"2026-01-11T02:00:05","modified_gmt":"2026-01-11T02:00:05","slug":"muge-anlidan-rahmi-bey-neden-ayrildi-neden-yok","status":"publish","type":"post","link":"https:\/\/haberbesiktas.tr\/?p=48164","title":{"rendered":"M\u00fcge Anl\u0131&#8217;dan Rahmi Bey Neden Ayr\u0131ld\u0131, Neden Yok?"},"content":{"rendered":"<div><span>Y\u0131llard\u0131r M\u00fcge Anl\u0131&#8217;n\u0131n sa\u011f kolu olarak t\u00fczel yorumlar\u0131yla programa damga vuran Avukat Rahmi \u00d6zkan, 2026&#8217;n\u0131n birinci haftas\u0131nda yay\u0131nlanan k\u0131s\u0131mlarda yer almad\u0131. Y\u0131l\u0131n son k\u0131s\u0131mlar\u0131nda M\u00fcge Anl\u0131 ile ya\u015fad\u0131\u011f\u0131 k\u0131sa m\u00fcddetli bir fikir ayr\u0131l\u0131\u011f\u0131 ve gerginlik sonras\u0131 \u00d6zkan&#8217;\u0131n st\u00fcdyoda bulunmamas\u0131, toplumsal medyada &#8220;Tart\u0131\u015fma sonras\u0131 ayr\u0131ld\u0131&#8221; savlar\u0131n\u0131 tetikledi. Lakin M\u00fcge Anl\u0131, canl\u0131 yay\u0131nda yapt\u0131\u011f\u0131 duygusal a\u00e7\u0131klamayla bu savlar\u0131 yalanlayarak Rahmi \u00d6zkan&#8217;\u0131n ailesiyle ilgili kuvvetli bir s\u00fcre\u00e7ten ge\u00e7ti\u011fini duyurdu.<\/span><br \/> <strong>RAHM\u0130 \u00d6ZKAN M\u00dcGE ANLI&#8217;DAN AYRILDI MI?<\/strong><br \/><span>Hay\u0131r, Rahmi \u00d6zkan programdan ayr\u0131lmad\u0131. 18 y\u0131ld\u0131r program\u0131n demirba\u015f tak\u0131m\u0131nda yer alan duayen avukat\u0131n yoklu\u011fu b\u00fcsb\u00fct\u00fcn \u00f6zel ve ailevi s\u0131hhat nedenlerinden kaynaklan\u0131yor. Programdan ayr\u0131ld\u0131\u011f\u0131na dair \u00e7\u0131kan s\u00f6ylentiler temelsiz olup, \u00d6zkan&#8217;\u0131n en k\u0131sa m\u00fcddette koltu\u011funa d\u00f6nmesi bekleniyor.<\/span><\/p>\n<p><strong>RAHM\u0130 BEY NEDEN YOK? E\u015e\u0130 G\u00dcZ\u0130N \u00d6ZKAN A\u011eIR BAKIMDA<\/strong><br \/><span>M\u00fcge Anl\u0131, canl\u0131 yay\u0131nda yapt\u0131\u011f\u0131 a\u00e7\u0131klamada Rahmi \u00d6zkan&#8217;\u0131n e\u015fi G\u00fczin \u00d6zkan&#8217;\u0131n acil bir ameliyat ge\u00e7irdi\u011fini belirtti. Anl\u0131, s\u00fcreci \u015fu s\u00f6zlerle aktard\u0131:<\/span><\/p>\n<p><span>&#8220;Rahmi \u00d6zkan&#8217;\u0131n e\u015fi G\u00fczin ablam\u0131z a\u011f\u0131r bak\u0131mda. Mide \u015fikayetiyle ba\u015flayan s\u00fcre\u00e7te kalbiyle ilgili \u00f6nemli bir sorun ortaya \u00e7\u0131kt\u0131 ve apar topar ameliyata al\u0131nd\u0131. \u015eu an durumu g\u00fczele gidiyor lakin aile b\u00fcy\u00fck bir tasa ya\u015fad\u0131. Rahmi Bey bu s\u00fcre\u00e7te e\u015finin yan\u0131nda.&#8221;<\/span><\/p>\n<p><strong>RAHM\u0130 \u00d6ZKAN NE VAK\u0130T D\u00d6NECEK?<\/strong><br \/><span>M\u00fcge Anl\u0131, Rahmi \u00d6zkan&#8217;\u0131n yoklu\u011funun s\u00fcreksiz oldu\u011funu vurgulayarak, e\u015finin s\u0131hhat durumunun stabil hale gelmesinin akabinde tekrar programa kat\u0131laca\u011f\u0131n\u0131 m\u00fcjdeledi. 5-6 Ocak haftas\u0131nda da yer almayan \u00d6zkan&#8217;\u0131n, e\u015finin toparlanma s\u00fcrecine ba\u011fl\u0131 olarak \u00f6n\u00fcm\u00fczdeki g\u00fcnlerde yine st\u00fcdyodaki yerini almas\u0131 bekleniyor.<\/span><\/div>\n<div>Haber ile daha fazlas\u0131na ula\u015f\u0131n:<\/div>\n<div>G\u00fcndem<\/div>\n","protected":false},"excerpt":{"rendered":"<p>Rahmi \u00d6zkan M\u00fcge Anl\u0131&#8217;dan ayr\u0131ld\u0131 m\u0131? 6 Ocak 2026 Rahmi Bey neden yok? M\u00fcge Anl\u0131, Rahmi \u00d6zkan&#8217;\u0131n e\u015fi G\u00fczin \u00d6zkan&#8217;\u0131n s\u0131hhat durumu hakk\u0131nda ac\u0131 haberi duyurdu.<\/p>\n","protected":false},"author":1,"featured_media":48165,"comment_status":"open","ping_status":"open","sticky":false,"template":"","format":"standard","meta":{"footnotes":""},"categories":[10],"tags":[3356,1757,3669],"class_list":["post-48164","post","type-post","status-publish","format-standard","has-post-thumbnail","hentry","category-basketbol","tag-muge-anli","tag-ozkan","tag-rahmi-ozkan"],"_links":{"self":[{"href":"https:\/\/haberbesiktas.tr\/index.php?rest_route=\/wp\/v2\/posts\/48164","targetHints":{"allow":["GET"]}}],"collection":[{"href":"https:\/\/haberbesiktas.tr\/index.php?rest_route=\/wp\/v2\/posts"}],"about":[{"href":"https:\/\/haberbesiktas.tr\/index.php?rest_route=\/wp\/v2\/types\/post"}],"author":[{"embeddable":true,"href":"https:\/\/haberbesiktas.tr\/index.php?rest_route=\/wp\/v2\/users\/1"}],"replies":[{"embeddable":true,"href":"https:\/\/haberbesiktas.tr\/index.php?rest_route=%2Fwp%2Fv2%2Fcomments&post=48164"}],"version-history":[{"count":1,"href":"https:\/\/haberbesiktas.tr\/index.php?rest_route=\/wp\/v2\/posts\/48164\/revisions"}],"predecessor-version":[{"id":48166,"href":"https:\/\/haberbesiktas.tr\/index.php?rest_route=\/wp\/v2\/posts\/48164\/revisions\/48166"}],"wp:featuredmedia":[{"embeddable":true,"href":"https:\/\/haberbesiktas.tr\/index.php?rest_route=\/wp\/v2\/media\/48165"}],"wp:attachment":[{"href":"https:\/\/haberbesiktas.tr\/index.php?rest_route=%2Fwp%2Fv2%2Fmedia&parent=48164"}],"wp:term":[{"taxonomy":"category","embeddable":true,"href":"https:\/\/haberbesiktas.tr\/index.php?rest_route=%2Fwp%2Fv2%2Fcategories&post=48164"},{"taxonomy":"post_tag","embeddable":true,"href":"https:\/\/haberbesiktas.tr\/index.php?rest_route=%2Fwp%2Fv2%2Ftags&post=48164"}],"curies":[{"name":"wp","href":"https:\/\/api.w.org\/{rel}","templated":true}]}}