{"id":48179,"date":"2026-01-11T03:00:05","date_gmt":"2026-01-11T03:00:05","guid":{"rendered":"https:\/\/haberbesiktas.tr\/?p=48179"},"modified":"2026-01-11T03:00:05","modified_gmt":"2026-01-11T03:00:05","slug":"okullarda-serbest-kiyafetler-kaldirildi-mi-kalkti-mi-2","status":"publish","type":"post","link":"https:\/\/haberbesiktas.tr\/?p=48179","title":{"rendered":"Okullarda serbest k\u0131yafetler kald\u0131r\u0131ld\u0131 m\u0131, kalkt\u0131  m\u0131?"},"content":{"rendered":"<div><span>Bakan Tekin, Bah\u00e7elievler&#8217;deki 15 Temmuz \u015eehitleri \u0130lkokulu&#8217;nda \u00f6\u011frencilere karne da\u011f\u0131tt\u0131. Okul bah\u00e7esindeki y\u0131l sonu aktifliklerine de kat\u0131lan Tekin, daha sonra &#8220;Y\u0131ll\u0131k K\u0131ymetlendirme Bas\u0131n Toplant\u0131s\u0131&#8221;nda gazetecilere a\u00e7\u0131klamalarda bulundu.<\/span><br \/> <span>Okullarda \u00f6zg\u00fcr k\u0131yafet uygulamas\u0131n\u0131n yerine tekrar forma uygulamas\u0131n\u0131n ba\u015flanaca\u011f\u0131n\u0131 s\u00f6yleyen Tekin, &#8220;\u00d6n\u00fcm\u00fczdeki y\u0131ldan itibaren ge\u00e7erli olmak \u00fczere okullar\u0131m\u0131zdaki \u00f6zg\u00fcr k\u0131yafet uygulamas\u0131 yerine tekrar forma uygulamas\u0131 ba\u015flatt\u0131k. Okullar\u0131m\u0131zda bu mevzuda \u00f6\u011fretmen arkada\u015flar\u0131m\u0131z, idareci arkada\u015flar\u0131m\u0131z, okul aile birlikleriyle birlikte se\u00e7imleri yapt\u0131. 2025-2026 e\u011fitim \u00f6\u011fretim y\u0131l\u0131ndan itibaren tekrar forma uygulamas\u0131 ba\u015flam\u0131\u015f olacak&#8221; dedi.<\/span><\/p>\n<p><span>Bug\u00fcn prestijiyle 2024-2025 e\u011fitim \u00f6\u011fretim y\u0131l\u0131n\u0131n \u00f6\u011frenciler i\u00e7in sona erdi\u011fini lisana getiren Tekin, bu s\u00fcre\u00e7teki takviyeleri i\u00e7in \u00f6\u011fretmenlere te\u015fekk\u00fcr etti.<\/span><\/p>\n<p><span>Bu e\u011fitim \u00f6\u011fretim y\u0131l\u0131na ba\u015flarken \u00fc\u00e7 bahse odakland\u0131klar\u0131n\u0131 anlatan Tekin, &#8220;Bunlardan bir tanesi T\u00fcrkiye Y\u00fczy\u0131l\u0131 Maarif Modeli ismiyle isimlendirdi\u011fimiz m\u00fcfredatt\u0131. E\u011fitim \u00f6\u011fretim programlar\u0131m\u0131z\u0131 \u00e7a\u011f\u0131n gerektirdi\u011fi formatla, metotla revize ettik. Bu revizyonu yaparken bizi \u00fclke, millet, devlet olarak dimdik ayakta tutacak, ge\u00e7mi\u015fimizden sahip oldu\u011fumuz k\u0131ymetlere s\u0131k\u0131 s\u0131k\u0131ya sahip olduk. Gelece\u011fe bu bedellerin bize verdi\u011fi g\u00fc\u00e7le bakacak jenerasyon yeti\u015ftirmek \u00fczere programlar\u0131n\u0131z\u0131n i\u00e7erisine ulusal ve manevi k\u0131ymetlerimizi i\u00e7selle\u015ftirmelerini sa\u011flayaca\u011f\u0131m\u0131z \u00f6nermelerin, konular\u0131n yerle\u015ftirildi\u011fi bir m\u00fcfredat olu\u015fturduk.&#8221; tabirlerini kulland\u0131.<\/span><\/p>\n<p><span>Tekin, bu modeli bu y\u0131l ilkokul, ortaokul ve liselerin birinci s\u0131n\u0131flar\u0131nda uygulamaya ba\u015flad\u0131klar\u0131n\u0131 belirterek, &#8220;Uygulamam\u0131zla ilgili olarak art\u0131k onlarca y\u0131l boyunca de\u011fi\u015ftirmeden, dokunmadan devam ettirece\u011fimiz m\u00fcfredat\u0131n var oldu\u011fu devirler bitti. D\u00fcnyada hem teknoloji hem toplumsal hayat hem de ba\u015fta co\u011frafik \u00f6geler olmak \u00fczere bir\u00e7ok hususta de\u011fi\u015fiklikler ya\u015fan\u0131yor ve biz de bu de\u011fi\u015fikliklerin programlara daima dercediyoruz. Bunun i\u00e7in m\u00fcfredat\u0131m\u0131z\u0131n canl\u0131 ve dinamik olaca\u011f\u0131n\u0131, bundan bu t\u00fcrl\u00fc s\u0131k s\u0131k bu manada m\u00fcfredat\u0131m\u0131zda revizyonlar olmas\u0131 gerekti\u011fini s\u00f6yledik.&#8221; diye konu\u015ftu.<\/span><\/p>\n<p><span>&#8220;T\u00fcrkiye Y\u00fczy\u0131l\u0131 Maarif Modeli, ikinci s\u0131n\u0131flarda da uygulanacak&#8221;<\/span><br \/><span>Bu modelle ilgili olarak izleme ve k\u0131ymetlendirme d\u00fczeneklerini da hayata ge\u00e7irdiklerine de\u011finen Tekin, 2025-2026 e\u011fitim \u00f6\u011fretim y\u0131l\u0131nda ilkokul, ortaokul ve liselerin ikinci s\u0131n\u0131flar\u0131nda da modelin uygulanaca\u011f\u0131n\u0131 ve kademeli bi\u00e7imde m\u00fcfredat\u0131n hayata ge\u00e7mi\u015f olaca\u011f\u0131n\u0131 kaydetti.<\/span><\/p>\n<p><span>Tekin, ikinci \u00f6ncelikli hususun &#8220;mesleki e\u011fitim&#8221; oldu\u011funu, 10 A\u011fustos 2024 prestijiyle Mesleksel ve Teknik E\u011fitim Siyaset Dok\u00fcman\u0131 yay\u0131nlad\u0131ktan sonra bir dizi faaliyeti hayata ge\u00e7irdiklerini s\u00f6yledi.<\/span><\/p>\n<p><span>Bu kapsamda yeni mesleksel ve teknik e\u011fitim okul \u00e7e\u015fitleri haricinde ortaokullarda da zanaat at\u00f6lyeleri a\u00e7\u0131lmas\u0131na kadar y\u0131l i\u00e7erisinde bir\u00e7ok ad\u0131m att\u0131klar\u0131n\u0131 anlatan Tekin, \u00e7ocuklar\u0131n akademik ba\u015far\u0131lar\u0131nda \u00f6\u011fretmenler kadar ailelerinin de \u00e7ok belirleyici katk\u0131s\u0131 oldu\u011funu ve ailelerle bu s\u00fcreci y\u00fcr\u00fctebilecek \u00e7al\u0131\u015fmalar\u0131n \u00fc\u00e7\u00fcnc\u00fc k\u0131ymetli mevzu oldu\u011funu belirtti.<\/span><\/p>\n<p><span>Tekin, bu \u00fc\u00e7 ana eksen d\u0131\u015f\u0131nda \u00f6teki yenilikler de ger\u00e7ekle\u015ftirdiklerini, Anayasa Mahkemesinin iptali sonras\u0131nda tekrar yasama organ\u0131n\u0131n g\u00fcndemine gelen ve 2024 y\u0131l\u0131 ekim ay\u0131nda maddele\u015ferek y\u00fcr\u00fcrl\u00fc\u011fe giren \u00f6\u011fretmenlik mesle\u011fi hakk\u0131ndaki kanunun bu yeniliklerden biri oldu\u011funu tabir etti.<\/span><\/p>\n<p><span>Bu kanunun i\u00e7erisinde hayata ge\u00e7irilen bir di\u011fer uygulaman\u0131n da Ulusal E\u011fitim Akademisi oldu\u011funa i\u015faret eden Tekin, \u015f\u00f6yle konu\u015ftu:<\/span><\/p>\n<p><span>&#8220;Bunlar\u0131n d\u0131\u015f\u0131nda ge\u00e7ti\u011fimiz y\u0131lda e\u011fitim \u00f6\u011fretim y\u0131l\u0131 ba\u015flarken bilhassa ilkokullarda ve ortaokullarda her y\u0131l bir kaosa d\u00f6nen uygulamay\u0131 nizama soktuk. \u00c7ocuklar okula ba\u015flarken \u00f6\u011fretmen se\u00e7mek, okul se\u00e7mek \u00fczerine ba\u015flayan ve en nihayetinde de okuldaki e\u011fitim kurumu y\u00f6neticilerimizi ve \u00f6\u011fretmenlerimizi farkl\u0131 formlarda zan alt\u0131nda b\u0131rakan, ayyuka \u00e7\u0131kan haberlerle kar\u015f\u0131 kar\u015f\u0131ya kal\u0131yorduk. Ge\u00e7ti\u011fimiz e\u011fitim \u00f6\u011fretim y\u0131l\u0131n\u0131n ba\u015f\u0131nda bir yaz\u0131l\u0131m hayata ge\u00e7irdik ve \u015f\u00f6yle bir uygulama ba\u015flatt\u0131k. Zati zarur\u00ee e\u011fitim \u00e7a\u011f\u0131ndaki b\u00fct\u00fcn \u00e7ocuklar\u0131m\u0131z, ilkokul ve ortaokullarla ilgili olarak adrese dayal\u0131 n\u00fcfus kay\u0131t sistemine nazaran konutuna en yak\u0131n, en uygun okula \u00f6\u011frenci olarak kayd\u0131n\u0131n yap\u0131lmas\u0131n\u0131 sa\u011fl\u0131yorduk. Art\u0131k bu mevzudaki inisiyatifi ta\u015frada al\u0131p direkt Bakanl\u0131k Bilgi \u0130\u015flem Genel M\u00fcd\u00fcrl\u00fc\u011f\u00fc b\u00fcnyesinde yapt\u0131k. Okul y\u00f6neticilerimiz zan alt\u0131nda kalmaktan kurtuldu. Okullardaki bilhassa s\u0131n\u0131f \u00f6\u011fretmenlerimizin ya\u015fad\u0131\u011f\u0131 incitici uygulamalar ortadan kalkm\u0131\u015f oldu.&#8221;<\/span><\/p>\n<p><span>&#8220;\u00c7ocuklar\u0131m\u0131z\u0131n kelam da\u011farc\u0131klar\u0131n\u0131 geli\u015ftirecek k\u0131ymetli ad\u0131m att\u0131k&#8221;<\/span><br \/><span>Yapay Zeka Siyaset Belgesi&#8217;ni ge\u00e7en hafta kamuoyuyla payla\u015ft\u0131klar\u0131n\u0131 anlatan Tekin, Bakanl\u0131k b\u00fcnyesinde Yapay Zeka Daire Ba\u015fkanl\u0131\u011f\u0131 kuruldu\u011funu lisana getirdi.<\/span><\/p>\n<p><span>Tekin, &#8220;Bir \u00f6teki konu, \u00f6n\u00fcm\u00fczdeki y\u0131ldan itibaren ge\u00e7erli olmak \u00fczere okullar\u0131m\u0131zdaki \u00f6zg\u00fcr k\u0131yafet uygulamas\u0131 yerine tekrar forma uygulamas\u0131 ba\u015flatt\u0131k. Okullar\u0131m\u0131zda bu bahiste \u00f6\u011fretmen arkada\u015flar\u0131m\u0131z, idareci arkada\u015flar\u0131m\u0131z, okul aile birlikleriyle birlikte se\u00e7imleri yapt\u0131. 2025-2026 e\u011fitim \u00f6\u011fretim y\u0131l\u0131ndan itibaren tekrar forma uygulamas\u0131 ba\u015flam\u0131\u015f olacak.&#8221; diye konu\u015ftu.<\/span><\/p>\n<p><span>\u00c7ocuklar\u0131n g\u00fcndelik hayatta T\u00fcrk\u00e7e kulland\u0131\u011f\u0131 s\u00f6z say\u0131s\u0131n\u0131n kendilerini \u00e7ok rahats\u0131z etti\u011fini tabir eden Tekin, kelamlar\u0131n\u0131 \u015f\u00f6yle s\u00fcrd\u00fcrd\u00fc:<\/span><\/p>\n<p><span>&#8220;\u00c7ocuklar\u0131m\u0131z ebeveyn ya da b\u00fcy\u00fckleri olarak bizlerle irtibata ge\u00e7erken \u00e7ok fazla toplumsal medya lisan\u0131 kullanmaya ba\u015flad\u0131. Gelene\u011fimizden beslenen \u00e7ok say\u0131da s\u00f6z\u00fcn unutuldu\u011fu, \u00e7ocuklar\u0131m\u0131z taraf\u0131ndan kullan\u0131lmad\u0131\u011f\u0131 bir devir ya\u015famaya ba\u015flad\u0131k. M\u00fcnasebetiyle ge\u00e7ti\u011fimiz y\u0131l ba\u015flatt\u0131\u011f\u0131m\u0131z &#8216;Dilimizin Zenginlikleri Kelaml\u0131k \u00d6zg\u00fcrl\u00fckt\u00fcr&#8217; projesinin devam\u0131 niteli\u011finde bu y\u0131l kelam varl\u0131\u011f\u0131m\u0131z\u0131n tespitiyle ilgili k\u0131ymetli projeyi daha hayata ge\u00e7irdik. \u00c7ocuklar\u0131m\u0131z\u0131n g\u00fcndelik hayatta kendilerini daha sa\u011fl\u0131kl\u0131 tabir edebilmeleri i\u00e7in kelam da\u011farc\u0131klar\u0131n\u0131 geli\u015ftirecek de\u011ferli ad\u0131m att\u0131k.&#8221;<\/span><\/p>\n<p><span>&#8220;12 y\u0131ll\u0131k e\u011fitimle ilgili karar, nihayetinde Ulusal E\u011fitim Bakanl\u0131\u011f\u0131nca verilmeyecek&#8221;<\/span><br \/><span>Tekin, yakla\u015f\u0131k 18 milyon \u00f6\u011frenci, 1 milyon 200 bin \u00f6\u011fretmen ve 75 bine yak\u0131n okulu olan b\u00fcy\u00fck bir aile olduklar\u0131n\u0131 belirterek, &#8220;Bu kadar b\u00fcy\u00fck bir ailenin i\u00e7erisinde kesinlikle g\u00fczelimize gitmeyen, tasvip etmedi\u011fimiz uygulamalar olacakt\u0131r lakin medyan\u0131n sorumlulu\u011fu mak\u00fbs \u00f6rnekleri de\u011fil, \u00e2l\u00e2 \u00f6rnekleri haberle\u015ftirerek yayg\u0131nla\u015ft\u0131rmak. Bu hem medya eti\u011fi a\u00e7\u0131s\u0131ndan \u00e7ok sayg\u0131n bir davran\u0131\u015f hem de \u00f6\u011fretmen arkada\u015flar\u0131m\u0131z\u0131n hukuku, emeklerine h\u00fcrmet a\u00e7\u0131s\u0131ndan \u00e7ok de\u011ferli. O manada \u00f6\u011fretmen arkada\u015flar\u0131m\u0131z\u0131n, okullar\u0131m\u0131z\u0131n bu uygun uygulamalar\u0131n\u0131 haberle\u015ftirelim. Siz bas\u0131n mensuplar\u0131na da ayr\u0131yeten te\u015fekk\u00fcr ediyorum.&#8221;<\/span><\/p>\n<p><span>Bir gazetecinin &#8220;4+4+4&#8221; sisteminde d\u00fczenleme yap\u0131l\u0131p yap\u0131lmayaca\u011f\u0131 sorusu \u00fczerine Tekin, bu sistemin, 28 \u015eubat s\u00fcrecinin dayatt\u0131\u011f\u0131 anti-demokratik mant\u0131\u011f\u0131n ortadan kalkmas\u0131 ve az olan T\u00fcrkiye&#8217;nin ortalama e\u011fitim m\u00fcddetinin artmas\u0131 i\u00e7in 2011 y\u0131l\u0131nda getirildi\u011fini s\u00f6yledi.<\/span><\/p>\n<p><span>Tekin, &#8220;Bu manada T\u00fcrkiye, bu iki de\u011ferli m\u00fcnasebetin sonland\u0131\u011f\u0131 bir periyodu ya\u015f\u0131yor. Art\u0131k bu T\u00fcrkiye, o denli bir T\u00fcrkiye de\u011fil. Hem ortalama e\u011fitim m\u00fchletinin \u00fczerindeyiz hem de 28 \u015eubat&#8217;\u0131n yasak\u00e7\u0131 zihniyetinin getirdi\u011fi dayatmac\u0131 mant\u0131k art\u0131k ortadan kald\u0131r\u0131lm\u0131\u015f durumdad\u0131r. M\u00fcnasebetiyle Bakanl\u0131k olarak bu mevzuda kamuoyundaki tart\u0131\u015fmalar\u0131 izleyece\u011fimizi s\u00f6yledik. 12 y\u0131ll\u0131k e\u011fitimle ilgili karar, nihayetinde Milli E\u011fitim Bakanl\u0131\u011f\u0131 taraf\u0131ndan verilmeyecek. Bunun yasal d\u00fczenlemeyle, siyasi erkin de kat\u0131ld\u0131\u011f\u0131 d\u00fczenlemeyle olmas\u0131 gerekiyor. Bu mevzudaki kanaatlerimizi ilgili ortamlarda lisana getirece\u011fiz. Ondan sonra da nas\u0131l bir ad\u0131m ataca\u011f\u0131m\u0131z\u0131 g\u00f6rm\u00fc\u015f olaca\u011f\u0131z.&#8221; formunda konu\u015ftu.<\/span><\/div>\n<div>Haber ile daha fazlas\u0131na ula\u015f\u0131n:<\/div>\n<div>G\u00fcndem<\/div>\n","protected":false},"excerpt":{"rendered":"<p>Milli E\u011fitim Bakan\u0131 Yusuf Tekin, gelecek e\u011fitim \u00f6\u011fretim y\u0131l\u0131ndan itibaren ge\u00e7erli olmak \u00fczere okullarda \u00f6zg\u00fcr k\u0131yafetin yerine tekrar forma uygulamas\u0131n\u0131n ba\u015flayaca\u011f\u0131n\u0131 belirtti.<\/p>\n","protected":false},"author":1,"featured_media":48180,"comment_status":"open","ping_status":"open","sticky":false,"template":"","format":"standard","meta":{"footnotes":""},"categories":[10],"tags":[1698,3282,373,3337,3316],"class_list":["post-48179","post","type-post","status-publish","format-standard","has-post-thumbnail","hentry","category-basketbol","tag-egitim","tag-ogretmen","tag-okul","tag-tekin","tag-uygulama"],"_links":{"self":[{"href":"https:\/\/haberbesiktas.tr\/index.php?rest_route=\/wp\/v2\/posts\/48179","targetHints":{"allow":["GET"]}}],"collection":[{"href":"https:\/\/haberbesiktas.tr\/index.php?rest_route=\/wp\/v2\/posts"}],"about":[{"href":"https:\/\/haberbesiktas.tr\/index.php?rest_route=\/wp\/v2\/types\/post"}],"author":[{"embeddable":true,"href":"https:\/\/haberbesiktas.tr\/index.php?rest_route=\/wp\/v2\/users\/1"}],"replies":[{"embeddable":true,"href":"https:\/\/haberbesiktas.tr\/index.php?rest_route=%2Fwp%2Fv2%2Fcomments&post=48179"}],"version-history":[{"count":1,"href":"https:\/\/haberbesiktas.tr\/index.php?rest_route=\/wp\/v2\/posts\/48179\/revisions"}],"predecessor-version":[{"id":48181,"href":"https:\/\/haberbesiktas.tr\/index.php?rest_route=\/wp\/v2\/posts\/48179\/revisions\/48181"}],"wp:featuredmedia":[{"embeddable":true,"href":"https:\/\/haberbesiktas.tr\/index.php?rest_route=\/wp\/v2\/media\/48180"}],"wp:attachment":[{"href":"https:\/\/haberbesiktas.tr\/index.php?rest_route=%2Fwp%2Fv2%2Fmedia&parent=48179"}],"wp:term":[{"taxonomy":"category","embeddable":true,"href":"https:\/\/haberbesiktas.tr\/index.php?rest_route=%2Fwp%2Fv2%2Fcategories&post=48179"},{"taxonomy":"post_tag","embeddable":true,"href":"https:\/\/haberbesiktas.tr\/index.php?rest_route=%2Fwp%2Fv2%2Ftags&post=48179"}],"curies":[{"name":"wp","href":"https:\/\/api.w.org\/{rel}","templated":true}]}}