{"id":4818,"date":"2025-01-19T21:23:58","date_gmt":"2025-01-19T21:23:58","guid":{"rendered":"https:\/\/haberbesiktas.tr\/?p=4818"},"modified":"2025-01-19T21:23:58","modified_gmt":"2025-01-19T21:23:58","slug":"aston-villada-mutlu-son-donyell-malen","status":"publish","type":"post","link":"https:\/\/haberbesiktas.tr\/?p=4818","title":{"rendered":"Aston Villa&#8217;da mutlu son: Donyell Malen"},"content":{"rendered":"<div>Transfer \u00e7al\u0131\u015fmalar\u0131n\u0131 s\u00fcrd\u00fcren Aston Villa, Borussia Dortmund&#8217;un y\u0131ld\u0131z\u0131nda keyifli sona yakla\u015ft\u0131.<\/p>\n<p> Sky DE&#8217;de yer alan habere g\u00f6re; Premier Lig grubu, Borussia Dortmund&#8217;dan Donyell Malen&#8217;in transferi i\u00e7in muahede sa\u011flad\u0131.<\/p>\n<p><strong>\u0130\u015eTE \u00d6DENECEK BONSERV\u0130S<\/strong><\/p>\n<p> Donyell Malen i\u00e7in Aston Villa, Borussia Dortmund&#8217;a 25 + 5 milyon euro bonservis bedeli \u00f6deyecek.<\/p>\n<p>Oyuncuyla mukavele g\u00f6r\u00fc\u015fmelerini s\u00fcrd\u00fcren \u0130ngiliz tak\u0131m\u0131n\u0131n, transferi k\u0131sa m\u00fcddet i\u00e7inde a\u00e7\u0131klamas\u0131 bekleniyor.<\/p>\n<p>Dortmund formas\u0131yla bu d\u00f6nem 21 ma\u00e7a \u00e7\u0131kan 25 ya\u015f\u0131ndaki Hollandal\u0131 sa\u011f kanat oyuncusu, 5 gol ve 1 asistlik performans sergiledi.<\/p>\n<\/div>\n","protected":false},"excerpt":{"rendered":"<p>Aston Villa, Borussia Dortmund formas\u0131 giyen Donyell Malen&#8217;in transferi i\u00e7in Alman grubuyla muahede sa\u011flad\u0131. \u0130\u015fte \u00f6denecek bonservis&#8230;<\/p>\n","protected":false},"author":1,"featured_media":4819,"comment_status":"open","ping_status":"open","sticky":false,"template":"","format":"standard","meta":{"footnotes":""},"categories":[25],"tags":[],"class_list":["post-4818","post","type-post","status-publish","format-standard","has-post-thumbnail","hentry","category-futbol"],"_links":{"self":[{"href":"https:\/\/haberbesiktas.tr\/index.php?rest_route=\/wp\/v2\/posts\/4818","targetHints":{"allow":["GET"]}}],"collection":[{"href":"https:\/\/haberbesiktas.tr\/index.php?rest_route=\/wp\/v2\/posts"}],"about":[{"href":"https:\/\/haberbesiktas.tr\/index.php?rest_route=\/wp\/v2\/types\/post"}],"author":[{"embeddable":true,"href":"https:\/\/haberbesiktas.tr\/index.php?rest_route=\/wp\/v2\/users\/1"}],"replies":[{"embeddable":true,"href":"https:\/\/haberbesiktas.tr\/index.php?rest_route=%2Fwp%2Fv2%2Fcomments&post=4818"}],"version-history":[{"count":1,"href":"https:\/\/haberbesiktas.tr\/index.php?rest_route=\/wp\/v2\/posts\/4818\/revisions"}],"predecessor-version":[{"id":4820,"href":"https:\/\/haberbesiktas.tr\/index.php?rest_route=\/wp\/v2\/posts\/4818\/revisions\/4820"}],"wp:featuredmedia":[{"embeddable":true,"href":"https:\/\/haberbesiktas.tr\/index.php?rest_route=\/wp\/v2\/media\/4819"}],"wp:attachment":[{"href":"https:\/\/haberbesiktas.tr\/index.php?rest_route=%2Fwp%2Fv2%2Fmedia&parent=4818"}],"wp:term":[{"taxonomy":"category","embeddable":true,"href":"https:\/\/haberbesiktas.tr\/index.php?rest_route=%2Fwp%2Fv2%2Fcategories&post=4818"},{"taxonomy":"post_tag","embeddable":true,"href":"https:\/\/haberbesiktas.tr\/index.php?rest_route=%2Fwp%2Fv2%2Ftags&post=4818"}],"curies":[{"name":"wp","href":"https:\/\/api.w.org\/{rel}","templated":true}]}}