{"id":48243,"date":"2026-01-11T07:24:04","date_gmt":"2026-01-11T07:24:04","guid":{"rendered":"https:\/\/haberbesiktas.tr\/?p=48243"},"modified":"2026-01-11T07:24:04","modified_gmt":"2026-01-11T07:24:04","slug":"gaziantep-fk-dragusu-acikladi","status":"publish","type":"post","link":"https:\/\/haberbesiktas.tr\/?p=48243","title":{"rendered":"Gaziantep FK, Dragus&#8217;u a\u00e7\u0131klad\u0131"},"content":{"rendered":"<div>Gaziantep FK, Trabzonspor&#8217;dan Denis Dragus&#8217;u d\u00f6nem sonuna kadar kiralad\u0131.<\/p>\n<p>Rumen futbolcu, d\u00f6nemin birinci yar\u0131s\u0131n\u0131 kiral\u0131k olarak Ey\u00fcpspor&#8217;da ge\u00e7irmi\u015fti.<\/p>\n<p> Gaziantep FK&#8217;n\u0131n a\u00e7\u0131klamas\u0131 \u015fu halde:<\/p>\n<p> &#8220;Gaziantep Futbol Kul\u00fcb\u00fcm\u00fcz, y\u0131ld\u0131z futbolcu Denis Dragu\u015f&#8217;un d\u00f6nem sonuna kadar s\u00fcreksiz transferi konusunda oyuncu ve Trabzonspor kul\u00fcb\u00fcyle muahedeye varm\u0131\u015ft\u0131r. <\/p>\n<p> 2022-2023 d\u00f6neminde da kul\u00fcb\u00fcm\u00fczde forma giyen ve ekibimize g\u00f6sterdi\u011fi performansla b\u00fcy\u00fck katk\u0131 sa\u011flayan Denis Dragu\u015f, Liderimiz Memik Y\u0131lmaz&#8217;\u0131n da i\u015ftirakiyle kendisini kul\u00fcb\u00fcm\u00fcze ba\u011flayacak olan resmi mukaveleye imza att\u0131.<\/p>\n<p> Denis Dragu\u015f&#8217;a bir sefer daha kul\u00fcb\u00fcm\u00fcze g\u00fczel geldin diyor, armam\u0131z alt\u0131nda \u00fcst\u00fcn muvaffakiyetler diliyoruz.&#8221;<\/p>\n<\/div>\n","protected":false},"excerpt":{"rendered":"<p>Gaziantep FK, Trabzonspor&#8217;dan Denis Dragus&#8217;u d\u00f6nem sonuna kadar kiralad\u0131.<\/p>\n","protected":false},"author":1,"featured_media":48244,"comment_status":"open","ping_status":"open","sticky":false,"template":"","format":"standard","meta":{"footnotes":""},"categories":[25],"tags":[],"class_list":["post-48243","post","type-post","status-publish","format-standard","has-post-thumbnail","hentry","category-futbol"],"_links":{"self":[{"href":"https:\/\/haberbesiktas.tr\/index.php?rest_route=\/wp\/v2\/posts\/48243","targetHints":{"allow":["GET"]}}],"collection":[{"href":"https:\/\/haberbesiktas.tr\/index.php?rest_route=\/wp\/v2\/posts"}],"about":[{"href":"https:\/\/haberbesiktas.tr\/index.php?rest_route=\/wp\/v2\/types\/post"}],"author":[{"embeddable":true,"href":"https:\/\/haberbesiktas.tr\/index.php?rest_route=\/wp\/v2\/users\/1"}],"replies":[{"embeddable":true,"href":"https:\/\/haberbesiktas.tr\/index.php?rest_route=%2Fwp%2Fv2%2Fcomments&post=48243"}],"version-history":[{"count":1,"href":"https:\/\/haberbesiktas.tr\/index.php?rest_route=\/wp\/v2\/posts\/48243\/revisions"}],"predecessor-version":[{"id":48245,"href":"https:\/\/haberbesiktas.tr\/index.php?rest_route=\/wp\/v2\/posts\/48243\/revisions\/48245"}],"wp:featuredmedia":[{"embeddable":true,"href":"https:\/\/haberbesiktas.tr\/index.php?rest_route=\/wp\/v2\/media\/48244"}],"wp:attachment":[{"href":"https:\/\/haberbesiktas.tr\/index.php?rest_route=%2Fwp%2Fv2%2Fmedia&parent=48243"}],"wp:term":[{"taxonomy":"category","embeddable":true,"href":"https:\/\/haberbesiktas.tr\/index.php?rest_route=%2Fwp%2Fv2%2Fcategories&post=48243"},{"taxonomy":"post_tag","embeddable":true,"href":"https:\/\/haberbesiktas.tr\/index.php?rest_route=%2Fwp%2Fv2%2Ftags&post=48243"}],"curies":[{"name":"wp","href":"https:\/\/api.w.org\/{rel}","templated":true}]}}