{"id":48246,"date":"2026-01-11T07:36:04","date_gmt":"2026-01-11T07:36:04","guid":{"rendered":"https:\/\/haberbesiktas.tr\/?p=48246"},"modified":"2026-01-11T07:36:04","modified_gmt":"2026-01-11T07:36:04","slug":"virgil-van-dijktan-gelecegi-icin-aciklama","status":"publish","type":"post","link":"https:\/\/haberbesiktas.tr\/?p=48246","title":{"rendered":"Virgil van Dijk&#8217;tan gelece\u011fi i\u00e7in a\u00e7\u0131klama!"},"content":{"rendered":"<div>Liverpool formas\u0131 giyen Virgil van Dijk, gelece\u011fine dair a\u00e7\u0131klamalarda bulundu.<\/p>\n<p> 34 ya\u015f\u0131ndaki Hollandal\u0131 futbolcu, hakk\u0131nda \u00e7\u0131kan emeklilik haberlerini yalanlad\u0131 ve birka\u00e7 y\u0131l daha oynamak istedi\u011fini s\u00f6yledi.<\/p>\n<p><strong>&#8220;EMEKL\u0130L\u0130K DEMED\u0130M<\/strong>&#8220;<\/p>\n<p> Van Dijk,<strong> &#8220;B\u00f6yle bir \u015fey s\u00f6ylemedim. \u00c7ok ileriyi d\u00fc\u015f\u00fcnm\u00fcyorum. Birka\u00e7 y\u0131l daha oynayaca\u011f\u0131m. Bu y\u00fczden bu s\u00f6ylentilerin nereden \u00e7\u0131kt\u0131\u011f\u0131n\u0131 bilmiyorum.&#8221;<\/strong> kelamlar\u0131n\u0131 sarf etti.<\/p>\n<p><strong>LIVERPOOL \u0130LE S\u00d6ZLE\u015eMES\u0130<\/strong> <\/p>\n<p> 2018 y\u0131l\u0131ndan bu yana Liverpool formas\u0131 giyen tecr\u00fcbeli y\u0131ld\u0131z\u0131n, \u0130ngiliz tak\u0131m\u0131yla kontrat\u0131 2027 y\u0131l\u0131na kadar devam ediyor.<\/p>\n<p> Liverpool formas\u0131 alt\u0131nda 347 ma\u00e7a \u00e7\u0131kan Virgil van Dijk, savunma performans\u0131n\u0131n yan\u0131 s\u0131ra 30 gol, 13 asistlik skor katk\u0131s\u0131 verdi.<\/p>\n<\/div>\n","protected":false},"excerpt":{"rendered":"<p>Liverpool formas\u0131 giyen 34 ya\u015f\u0131ndaki savunma oyuncusu Virgil van Dijk, emeklilik tezlerini yalanlad\u0131.<\/p>\n","protected":false},"author":1,"featured_media":48247,"comment_status":"open","ping_status":"open","sticky":false,"template":"","format":"standard","meta":{"footnotes":""},"categories":[25],"tags":[],"class_list":["post-48246","post","type-post","status-publish","format-standard","has-post-thumbnail","hentry","category-futbol"],"_links":{"self":[{"href":"https:\/\/haberbesiktas.tr\/index.php?rest_route=\/wp\/v2\/posts\/48246","targetHints":{"allow":["GET"]}}],"collection":[{"href":"https:\/\/haberbesiktas.tr\/index.php?rest_route=\/wp\/v2\/posts"}],"about":[{"href":"https:\/\/haberbesiktas.tr\/index.php?rest_route=\/wp\/v2\/types\/post"}],"author":[{"embeddable":true,"href":"https:\/\/haberbesiktas.tr\/index.php?rest_route=\/wp\/v2\/users\/1"}],"replies":[{"embeddable":true,"href":"https:\/\/haberbesiktas.tr\/index.php?rest_route=%2Fwp%2Fv2%2Fcomments&post=48246"}],"version-history":[{"count":1,"href":"https:\/\/haberbesiktas.tr\/index.php?rest_route=\/wp\/v2\/posts\/48246\/revisions"}],"predecessor-version":[{"id":48248,"href":"https:\/\/haberbesiktas.tr\/index.php?rest_route=\/wp\/v2\/posts\/48246\/revisions\/48248"}],"wp:featuredmedia":[{"embeddable":true,"href":"https:\/\/haberbesiktas.tr\/index.php?rest_route=\/wp\/v2\/media\/48247"}],"wp:attachment":[{"href":"https:\/\/haberbesiktas.tr\/index.php?rest_route=%2Fwp%2Fv2%2Fmedia&parent=48246"}],"wp:term":[{"taxonomy":"category","embeddable":true,"href":"https:\/\/haberbesiktas.tr\/index.php?rest_route=%2Fwp%2Fv2%2Fcategories&post=48246"},{"taxonomy":"post_tag","embeddable":true,"href":"https:\/\/haberbesiktas.tr\/index.php?rest_route=%2Fwp%2Fv2%2Ftags&post=48246"}],"curies":[{"name":"wp","href":"https:\/\/api.w.org\/{rel}","templated":true}]}}