{"id":48249,"date":"2026-01-11T07:48:04","date_gmt":"2026-01-11T07:48:04","guid":{"rendered":"https:\/\/haberbesiktas.tr\/?p=48249"},"modified":"2026-01-11T07:48:04","modified_gmt":"2026-01-11T07:48:04","slug":"okan-buruktan-derbide-surpriz","status":"publish","type":"post","link":"https:\/\/haberbesiktas.tr\/?p=48249","title":{"rendered":"Okan Buruk&#8217;tan derbide s\u00fcrpriz!"},"content":{"rendered":"<div>Galatasaray Teknik Y\u00f6neticisi Okan Buruk, \u00dcst\u00fcn Kupa finalindeki Fenerbah\u00e7e derbisinde s\u00fcrpriz bir karara imza att\u0131.<\/p>\n<p> Okan Buruk, Fenerbah\u00e7e kar\u015f\u0131s\u0131nda derbide kalede G\u00fcnay G\u00fcven\u00e7&#8217;e forma verdi.<\/p>\n<p> G\u00fcnay, ge\u00e7en d\u00f6nem da T\u00fcrkiye Kupas\u0131&#8217;ndaki Fenerbah\u00e7e derbisinde kaleyi korumu\u015ftu.<\/p>\n<p> <strong>Galatasaray&#8217;\u0131n derbide birinci 11&#8217;i:<\/p>\n<p><img decoding=\"async\" src=\"https:\/\/haberbesiktas.tr\/wp-content\/uploads\/2026\/01\/okan-buruktan-derbide-surpriz-0-P9V529uk.jpg\"\/><br \/><\/strong><\/p>\n<\/div>\n","protected":false},"excerpt":{"rendered":"<p>Galatasaray Teknik Y\u00f6neticisi Okan Buruk, \u00dcst\u00fcn Kupa&#8217;daki Fenerbah\u00e7e derbisinde kalede G\u00fcnay G\u00fcven\u00e7&#8217;e forma verdi.<\/p>\n","protected":false},"author":1,"featured_media":48250,"comment_status":"open","ping_status":"open","sticky":false,"template":"","format":"standard","meta":{"footnotes":""},"categories":[25],"tags":[],"class_list":["post-48249","post","type-post","status-publish","format-standard","has-post-thumbnail","hentry","category-futbol"],"_links":{"self":[{"href":"https:\/\/haberbesiktas.tr\/index.php?rest_route=\/wp\/v2\/posts\/48249","targetHints":{"allow":["GET"]}}],"collection":[{"href":"https:\/\/haberbesiktas.tr\/index.php?rest_route=\/wp\/v2\/posts"}],"about":[{"href":"https:\/\/haberbesiktas.tr\/index.php?rest_route=\/wp\/v2\/types\/post"}],"author":[{"embeddable":true,"href":"https:\/\/haberbesiktas.tr\/index.php?rest_route=\/wp\/v2\/users\/1"}],"replies":[{"embeddable":true,"href":"https:\/\/haberbesiktas.tr\/index.php?rest_route=%2Fwp%2Fv2%2Fcomments&post=48249"}],"version-history":[{"count":1,"href":"https:\/\/haberbesiktas.tr\/index.php?rest_route=\/wp\/v2\/posts\/48249\/revisions"}],"predecessor-version":[{"id":48252,"href":"https:\/\/haberbesiktas.tr\/index.php?rest_route=\/wp\/v2\/posts\/48249\/revisions\/48252"}],"wp:featuredmedia":[{"embeddable":true,"href":"https:\/\/haberbesiktas.tr\/index.php?rest_route=\/wp\/v2\/media\/48250"}],"wp:attachment":[{"href":"https:\/\/haberbesiktas.tr\/index.php?rest_route=%2Fwp%2Fv2%2Fmedia&parent=48249"}],"wp:term":[{"taxonomy":"category","embeddable":true,"href":"https:\/\/haberbesiktas.tr\/index.php?rest_route=%2Fwp%2Fv2%2Fcategories&post=48249"},{"taxonomy":"post_tag","embeddable":true,"href":"https:\/\/haberbesiktas.tr\/index.php?rest_route=%2Fwp%2Fv2%2Ftags&post=48249"}],"curies":[{"name":"wp","href":"https:\/\/api.w.org\/{rel}","templated":true}]}}