{"id":48253,"date":"2026-01-11T08:00:04","date_gmt":"2026-01-11T08:00:04","guid":{"rendered":"https:\/\/haberbesiktas.tr\/?p=48253"},"modified":"2026-01-11T08:00:04","modified_gmt":"2026-01-11T08:00:04","slug":"caglar-soyuncu-kupayi-almak-istiyoruz","status":"publish","type":"post","link":"https:\/\/haberbesiktas.tr\/?p=48253","title":{"rendered":"\u00c7a\u011flar S\u00f6y\u00fcnc\u00fc: &#8220;Kupay\u0131 almak istiyoruz&#8221;"},"content":{"rendered":"<div>Turkcell Muhte\u015fem Kupa finalinde Fenerbah\u00e7e ve Galatasaray, kozlar\u0131n\u0131 payla\u015facak.<\/p>\n<p> Dev derbi \u00f6ncesi Fenerbah\u00e7e&#8217;nin ulusal stoperi \u00c7a\u011flar S\u00f6y\u00fcnc\u00fc a\u00e7\u0131klamalarda bulundu.<\/p>\n<p> <span>Kupay\u0131 almak istediklerini s\u00f6yleyen S\u00f6y\u00fcnc\u00fc, <strong>&#8220;B\u00f6yle b\u00fcy\u00fck finaller her futbolcuya nasip olmuyor. Bunun \u015fuurunday\u0131z. Fenerbah\u00e7e taraftar\u0131na ho\u015f bir arma\u011fan vermek istiyoruz. G\u00f6rd\u00fc\u011f\u00fcn\u00fcz \u00fczere Samand\u0131ra&#8217;da ho\u015f bir ortam var, her \u015fey kusursuz. Ho\u015f bir oyunla kupay\u0131 almak istiyoruz.&#8221;<\/strong> dedi.<\/span><\/div>\n","protected":false},"excerpt":{"rendered":"<p>Fenerbah\u00e7e&#8217;nin ulusal stoperi \u00c7a\u011flar S\u00f6y\u00fcnc\u00fc, Galatasaray ma\u00e7\u0131 \u00f6ncesinde a\u00e7\u0131klamalarda bulundu.<\/p>\n","protected":false},"author":1,"featured_media":48254,"comment_status":"open","ping_status":"open","sticky":false,"template":"","format":"standard","meta":{"footnotes":""},"categories":[25],"tags":[],"class_list":["post-48253","post","type-post","status-publish","format-standard","has-post-thumbnail","hentry","category-futbol"],"_links":{"self":[{"href":"https:\/\/haberbesiktas.tr\/index.php?rest_route=\/wp\/v2\/posts\/48253","targetHints":{"allow":["GET"]}}],"collection":[{"href":"https:\/\/haberbesiktas.tr\/index.php?rest_route=\/wp\/v2\/posts"}],"about":[{"href":"https:\/\/haberbesiktas.tr\/index.php?rest_route=\/wp\/v2\/types\/post"}],"author":[{"embeddable":true,"href":"https:\/\/haberbesiktas.tr\/index.php?rest_route=\/wp\/v2\/users\/1"}],"replies":[{"embeddable":true,"href":"https:\/\/haberbesiktas.tr\/index.php?rest_route=%2Fwp%2Fv2%2Fcomments&post=48253"}],"version-history":[{"count":1,"href":"https:\/\/haberbesiktas.tr\/index.php?rest_route=\/wp\/v2\/posts\/48253\/revisions"}],"predecessor-version":[{"id":48255,"href":"https:\/\/haberbesiktas.tr\/index.php?rest_route=\/wp\/v2\/posts\/48253\/revisions\/48255"}],"wp:featuredmedia":[{"embeddable":true,"href":"https:\/\/haberbesiktas.tr\/index.php?rest_route=\/wp\/v2\/media\/48254"}],"wp:attachment":[{"href":"https:\/\/haberbesiktas.tr\/index.php?rest_route=%2Fwp%2Fv2%2Fmedia&parent=48253"}],"wp:term":[{"taxonomy":"category","embeddable":true,"href":"https:\/\/haberbesiktas.tr\/index.php?rest_route=%2Fwp%2Fv2%2Fcategories&post=48253"},{"taxonomy":"post_tag","embeddable":true,"href":"https:\/\/haberbesiktas.tr\/index.php?rest_route=%2Fwp%2Fv2%2Ftags&post=48253"}],"curies":[{"name":"wp","href":"https:\/\/api.w.org\/{rel}","templated":true}]}}