{"id":48260,"date":"2026-01-11T08:24:03","date_gmt":"2026-01-11T08:24:03","guid":{"rendered":"https:\/\/haberbesiktas.tr\/?p=48260"},"modified":"2026-01-11T08:24:03","modified_gmt":"2026-01-11T08:24:03","slug":"tedesco-takim-cok-atesli-ve-oynamaya-hazir","status":"publish","type":"post","link":"https:\/\/haberbesiktas.tr\/?p=48260","title":{"rendered":"Tedesco: &#8220;Tak\u0131m \u00e7ok ate\u015fli ve oynamaya haz\u0131r&#8221;"},"content":{"rendered":"<div>Turkcell Harika Kupa finalinde Fenerbah\u00e7e ve Galatasaray, kozlar\u0131n\u0131 payla\u015facak.<\/p>\n<p> Dev derbi \u00f6ncesi Fenerbah\u00e7e&#8217;nin teknik y\u00f6neticisi Domenico Tedesco a\u00e7\u0131klamalarda bulundu.<\/p>\n<p><span>Derbi \u00f6ncesi grubun \u00e7ok ate\u015fli oldu\u011funu lisana getiren Tedesc\u0131, <strong>&#8220;Ma\u00e7 \u00f6ncesi konu\u015fmam \u00e7ok y\u00fcksek sesli ve motive ediciydi. Grubun buna gereksinimi yoktu lakin yeniden de bunu yapt\u0131m. Grup \u00e7ok ate\u015fli ve oynamaya haz\u0131r. \u00c2l\u00e2 durumday\u0131z.&#8221;<\/strong> dedi.<\/p>\n<p><span>A\u00e7\u0131klamalar\u0131na devam eden tecr\u00fcbeli hoca,<strong> &#8220;Birliktelik ve aile s\u00f6zlerini vurguluyoruz. Bir s\u00f6z kullan\u0131yorsan\u0131z, bunu hissetmeniz de laz\u0131m. Sabah i\u015fe gitti\u011finiz yer \u00e7ok ho\u015f olmal\u0131, Samand\u0131ra da bu t\u00fcrl\u00fc bir yer. Oraya gitmekten, oradan olmaktan memnunluk duyuyoruz.&#8221;<\/strong> tabirlerini kulland\u0131.<\/span><\/span><\/p>\n<\/div>\n","protected":false},"excerpt":{"rendered":"<p>Fenerbah\u00e7e Teknik Y\u00f6neticisi Domenico Tedesco, Galatasaray ma\u00e7\u0131 \u00f6ncesinde a\u00e7\u0131klamalarda bulundu.<\/p>\n","protected":false},"author":1,"featured_media":48261,"comment_status":"open","ping_status":"open","sticky":false,"template":"","format":"standard","meta":{"footnotes":""},"categories":[25],"tags":[],"class_list":["post-48260","post","type-post","status-publish","format-standard","has-post-thumbnail","hentry","category-futbol"],"_links":{"self":[{"href":"https:\/\/haberbesiktas.tr\/index.php?rest_route=\/wp\/v2\/posts\/48260","targetHints":{"allow":["GET"]}}],"collection":[{"href":"https:\/\/haberbesiktas.tr\/index.php?rest_route=\/wp\/v2\/posts"}],"about":[{"href":"https:\/\/haberbesiktas.tr\/index.php?rest_route=\/wp\/v2\/types\/post"}],"author":[{"embeddable":true,"href":"https:\/\/haberbesiktas.tr\/index.php?rest_route=\/wp\/v2\/users\/1"}],"replies":[{"embeddable":true,"href":"https:\/\/haberbesiktas.tr\/index.php?rest_route=%2Fwp%2Fv2%2Fcomments&post=48260"}],"version-history":[{"count":1,"href":"https:\/\/haberbesiktas.tr\/index.php?rest_route=\/wp\/v2\/posts\/48260\/revisions"}],"predecessor-version":[{"id":48262,"href":"https:\/\/haberbesiktas.tr\/index.php?rest_route=\/wp\/v2\/posts\/48260\/revisions\/48262"}],"wp:featuredmedia":[{"embeddable":true,"href":"https:\/\/haberbesiktas.tr\/index.php?rest_route=\/wp\/v2\/media\/48261"}],"wp:attachment":[{"href":"https:\/\/haberbesiktas.tr\/index.php?rest_route=%2Fwp%2Fv2%2Fmedia&parent=48260"}],"wp:term":[{"taxonomy":"category","embeddable":true,"href":"https:\/\/haberbesiktas.tr\/index.php?rest_route=%2Fwp%2Fv2%2Fcategories&post=48260"},{"taxonomy":"post_tag","embeddable":true,"href":"https:\/\/haberbesiktas.tr\/index.php?rest_route=%2Fwp%2Fv2%2Ftags&post=48260"}],"curies":[{"name":"wp","href":"https:\/\/api.w.org\/{rel}","templated":true}]}}