{"id":48266,"date":"2026-01-11T08:48:04","date_gmt":"2026-01-11T08:48:04","guid":{"rendered":"https:\/\/haberbesiktas.tr\/?p=48266"},"modified":"2026-01-11T08:48:04","modified_gmt":"2026-01-11T08:48:04","slug":"okan-buruktan-gunay-tercihi-icin-aciklama","status":"publish","type":"post","link":"https:\/\/haberbesiktas.tr\/?p=48266","title":{"rendered":"Okan Buruk&#8217;tan G\u00fcnay tercihi i\u00e7in a\u00e7\u0131klama"},"content":{"rendered":"<div>Galatasaray Teknik Y\u00f6neticisi Okan Buruk, Harika Kupa finalindeki Fenerbah\u00e7e derbisinden evvel a\u00e7\u0131klamalarda bulundu.<\/p>\n<p> 52 ya\u015f\u0131ndaki teknik adam, &#8220;Yolda trafik de vard\u0131, bu havada, bu ko\u015fullarda iki grubun taraftarlar\u0131n\u0131n bu stada ko\u015farak gelmesi \u00e7ok pahal\u0131. Taraftarlar\u0131m\u0131za te\u015fekk\u00fcr ederiz, biz de gerekeni alanda yapaca\u011f\u0131z. Bu ma\u00e7lar\u0131n heyecan\u0131 her vakit oburdur. Alanda kalmak gerekiyor. Sonra planlar\u0131m\u0131z\u0131 uygulamak istiyoruz. Rakibimizin de yeni transferleri alanda olacak. Bizim de al\u0131\u015f\u0131k olmu\u015f tak\u0131m\u0131m\u0131z var.&#8221; dedi.<\/p>\n<p> Okan Buruk, tak\u0131m tercihi i\u00e7in, &#8220;Kadroda orta sahay\u0131 de\u011fi\u015ftirdik. Kalede de G\u00fcnay&#8217;\u0131 tercih ettik. Ge\u00e7en sene kupada G\u00fcnay vard\u0131, onu se\u00e7tik. U\u011furcan da Trabzonspor&#8217;a kar\u015f\u0131 g\u00fczel oynad\u0131. Herkes \u00e7ok oynamak istiyor.&#8221; diye konu\u015ftu. <\/p>\n<p> Ba\u015far\u0131l\u0131 teknik adam, son olarak, &#8220;Kazanmak istiyoruz. R\u00fczgar\u0131n durumu iki ekip i\u00e7in de de\u011ferli olacak. So\u011fuk, ya\u011fmurlu, r\u00fczgarl\u0131 hava bizi bekliyor. Taban\u0131 y\u00fcksek ayakkab\u0131lar\u0131m\u0131z\u0131 giydik, ma\u00e7a haz\u0131r\u0131z. (G\u00fclerek).&#8221; a\u00e7\u0131klamas\u0131n\u0131 yapt\u0131.<\/p>\n<\/div>\n","protected":false},"excerpt":{"rendered":"<p>Galatasaray Teknik Y\u00f6neticisi Okan Buruk, Muhte\u015fem Kupa&#8217;daki Fenerbah\u00e7e derbisinin \u00f6ncesinde konu\u015ftu.<\/p>\n","protected":false},"author":1,"featured_media":48267,"comment_status":"open","ping_status":"open","sticky":false,"template":"","format":"standard","meta":{"footnotes":""},"categories":[25],"tags":[],"class_list":["post-48266","post","type-post","status-publish","format-standard","has-post-thumbnail","hentry","category-futbol"],"_links":{"self":[{"href":"https:\/\/haberbesiktas.tr\/index.php?rest_route=\/wp\/v2\/posts\/48266","targetHints":{"allow":["GET"]}}],"collection":[{"href":"https:\/\/haberbesiktas.tr\/index.php?rest_route=\/wp\/v2\/posts"}],"about":[{"href":"https:\/\/haberbesiktas.tr\/index.php?rest_route=\/wp\/v2\/types\/post"}],"author":[{"embeddable":true,"href":"https:\/\/haberbesiktas.tr\/index.php?rest_route=\/wp\/v2\/users\/1"}],"replies":[{"embeddable":true,"href":"https:\/\/haberbesiktas.tr\/index.php?rest_route=%2Fwp%2Fv2%2Fcomments&post=48266"}],"version-history":[{"count":1,"href":"https:\/\/haberbesiktas.tr\/index.php?rest_route=\/wp\/v2\/posts\/48266\/revisions"}],"predecessor-version":[{"id":48268,"href":"https:\/\/haberbesiktas.tr\/index.php?rest_route=\/wp\/v2\/posts\/48266\/revisions\/48268"}],"wp:featuredmedia":[{"embeddable":true,"href":"https:\/\/haberbesiktas.tr\/index.php?rest_route=\/wp\/v2\/media\/48267"}],"wp:attachment":[{"href":"https:\/\/haberbesiktas.tr\/index.php?rest_route=%2Fwp%2Fv2%2Fmedia&parent=48266"}],"wp:term":[{"taxonomy":"category","embeddable":true,"href":"https:\/\/haberbesiktas.tr\/index.php?rest_route=%2Fwp%2Fv2%2Fcategories&post=48266"},{"taxonomy":"post_tag","embeddable":true,"href":"https:\/\/haberbesiktas.tr\/index.php?rest_route=%2Fwp%2Fv2%2Ftags&post=48266"}],"curies":[{"name":"wp","href":"https:\/\/api.w.org\/{rel}","templated":true}]}}