{"id":48306,"date":"2026-01-11T10:48:04","date_gmt":"2026-01-11T10:48:04","guid":{"rendered":"https:\/\/haberbesiktas.tr\/?p=48306"},"modified":"2026-01-11T10:48:04","modified_gmt":"2026-01-11T10:48:04","slug":"victor-osimhen-parladi-nijerya-rahat-kazandi","status":"publish","type":"post","link":"https:\/\/haberbesiktas.tr\/?p=48306","title":{"rendered":"Victor Osimhen parlad\u0131, Nijerya rahat kazand\u0131!"},"content":{"rendered":"<div>\n<p>Afrika Futbol Konfederasyonu taraf\u0131ndan Fas&#8217;\u0131n mesken sahipli\u011finde d\u00fczenlenen turnuvan\u0131n \u00e7eyrek final ma\u00e7\u0131nda, Cezayir ile Nijerya kar\u015f\u0131 kar\u015f\u0131ya geldi.<\/p>\n<p> Marrakech Stadyumu&#8217;nda oynanan \u00e7abay\u0131 Nijerya, 2-0&#8217;l\u0131k skorla kazand\u0131 ve yar\u0131 finale y\u00fckseldi.<\/p>\n<p> Nijerya&#8217;ya galibiyeti getiren golleri, 47. dakikada <strong>Victor Osimhen<\/strong> ve 57. dakikada Osimhen&#8217;in asistinde<strong> Akor Adams<\/strong> kaydetti.<\/p>\n<p> Nijerya Ulusal Ekibi&#8217;nde Galatasaray formas\u0131 giyen<strong> Victor Osimhen<\/strong>, 90 dakika alanda kald\u0131<\/p>\n<p> \u00d6te yandan Be\u015fikta\u015f formas\u0131 giyen<strong> Wilfried Ndidi<\/strong> gayrete birinci 11&#8217;de ba\u015flad\u0131 ve 69. dakikada oyundan al\u0131nd\u0131.<\/p>\n<p> Nijerya Afrika Uluslar Kupas\u0131 yar\u0131 final ma\u00e7\u0131nda Fas&#8217;\u0131n rakibi oldu.<\/p>\n<\/div>\n","protected":false},"excerpt":{"rendered":"<p>Afrika Uluslar Kupas\u0131&#8217;nda Nijerya, Victor Osimhen&#8217;in 1 gol 1 asist yapt\u0131\u011f\u0131 ma\u00e7ta Cezayir&#8217;i 2-0 ma\u011flup etti ve yar\u0131 finalde Fas&#8217;\u0131n rakibi oldu.<\/p>\n","protected":false},"author":1,"featured_media":48307,"comment_status":"open","ping_status":"open","sticky":false,"template":"","format":"standard","meta":{"footnotes":""},"categories":[25],"tags":[2721],"class_list":["post-48306","post","type-post","status-publish","format-standard","has-post-thumbnail","hentry","category-futbol","tag-nijerya"],"_links":{"self":[{"href":"https:\/\/haberbesiktas.tr\/index.php?rest_route=\/wp\/v2\/posts\/48306","targetHints":{"allow":["GET"]}}],"collection":[{"href":"https:\/\/haberbesiktas.tr\/index.php?rest_route=\/wp\/v2\/posts"}],"about":[{"href":"https:\/\/haberbesiktas.tr\/index.php?rest_route=\/wp\/v2\/types\/post"}],"author":[{"embeddable":true,"href":"https:\/\/haberbesiktas.tr\/index.php?rest_route=\/wp\/v2\/users\/1"}],"replies":[{"embeddable":true,"href":"https:\/\/haberbesiktas.tr\/index.php?rest_route=%2Fwp%2Fv2%2Fcomments&post=48306"}],"version-history":[{"count":1,"href":"https:\/\/haberbesiktas.tr\/index.php?rest_route=\/wp\/v2\/posts\/48306\/revisions"}],"predecessor-version":[{"id":48308,"href":"https:\/\/haberbesiktas.tr\/index.php?rest_route=\/wp\/v2\/posts\/48306\/revisions\/48308"}],"wp:featuredmedia":[{"embeddable":true,"href":"https:\/\/haberbesiktas.tr\/index.php?rest_route=\/wp\/v2\/media\/48307"}],"wp:attachment":[{"href":"https:\/\/haberbesiktas.tr\/index.php?rest_route=%2Fwp%2Fv2%2Fmedia&parent=48306"}],"wp:term":[{"taxonomy":"category","embeddable":true,"href":"https:\/\/haberbesiktas.tr\/index.php?rest_route=%2Fwp%2Fv2%2Fcategories&post=48306"},{"taxonomy":"post_tag","embeddable":true,"href":"https:\/\/haberbesiktas.tr\/index.php?rest_route=%2Fwp%2Fv2%2Ftags&post=48306"}],"curies":[{"name":"wp","href":"https:\/\/api.w.org\/{rel}","templated":true}]}}