{"id":48325,"date":"2026-01-11T12:00:04","date_gmt":"2026-01-11T12:00:04","guid":{"rendered":"https:\/\/haberbesiktas.tr\/?p=48325"},"modified":"2026-01-11T12:00:04","modified_gmt":"2026-01-11T12:00:04","slug":"jayden-oosterwolde-iyi-bir-is-cikardik","status":"publish","type":"post","link":"https:\/\/haberbesiktas.tr\/?p=48325","title":{"rendered":"Jayden Oosterwolde: &#8220;\u0130yi bir i\u015f \u00e7\u0131kard\u0131k&#8221;"},"content":{"rendered":"<div>\n<p>Fenerbah\u00e7e&#8217;nin Hollandal\u0131 savunmac\u0131s\u0131 Jayden Oosterwolde, Galatasaray ile oynanan \u00dcst\u00fcn Kupa Finali&#8217;nin akabinde a\u00e7\u0131klamalarda bulundu.<\/p>\n<p> <strong>&#8220;\u0130Y\u0130 B\u0130R \u0130\u015e \u00c7IKARDIK&#8221;\u00a0<\/strong><\/p>\n<p> Kupay\u0131 kazand\u0131klar\u0131 i\u00e7in b\u00fcy\u00fck memnunluk ya\u015fad\u0131\u011f\u0131n\u0131 belirten Oosterwolde,<strong> &#8220;\u00c7ok memnunum, kupay\u0131 kazand\u0131k. Fenerbah\u00e7e&#8217;de ikinci kupam. \u00c2l\u00e2 bir i\u015f \u00e7\u0131kard\u0131k ve kupay\u0131 konutumuza g\u00f6t\u00fcr\u00fcyoruz&#8221;<\/strong> s\u00f6zlerini kulland\u0131.<\/p>\n<\/div>\n","protected":false},"excerpt":{"rendered":"<p>Fenerbah\u00e7e&#8217;de Jayden Oosterwolde, Galatasaray ma\u00e7\u0131n\u0131n akabinde konu\u015ftu.<\/p>\n","protected":false},"author":1,"featured_media":48326,"comment_status":"open","ping_status":"open","sticky":false,"template":"","format":"standard","meta":{"footnotes":""},"categories":[25],"tags":[120],"class_list":["post-48325","post","type-post","status-publish","format-standard","has-post-thumbnail","hentry","category-futbol","tag-kupa"],"_links":{"self":[{"href":"https:\/\/haberbesiktas.tr\/index.php?rest_route=\/wp\/v2\/posts\/48325","targetHints":{"allow":["GET"]}}],"collection":[{"href":"https:\/\/haberbesiktas.tr\/index.php?rest_route=\/wp\/v2\/posts"}],"about":[{"href":"https:\/\/haberbesiktas.tr\/index.php?rest_route=\/wp\/v2\/types\/post"}],"author":[{"embeddable":true,"href":"https:\/\/haberbesiktas.tr\/index.php?rest_route=\/wp\/v2\/users\/1"}],"replies":[{"embeddable":true,"href":"https:\/\/haberbesiktas.tr\/index.php?rest_route=%2Fwp%2Fv2%2Fcomments&post=48325"}],"version-history":[{"count":1,"href":"https:\/\/haberbesiktas.tr\/index.php?rest_route=\/wp\/v2\/posts\/48325\/revisions"}],"predecessor-version":[{"id":48327,"href":"https:\/\/haberbesiktas.tr\/index.php?rest_route=\/wp\/v2\/posts\/48325\/revisions\/48327"}],"wp:featuredmedia":[{"embeddable":true,"href":"https:\/\/haberbesiktas.tr\/index.php?rest_route=\/wp\/v2\/media\/48326"}],"wp:attachment":[{"href":"https:\/\/haberbesiktas.tr\/index.php?rest_route=%2Fwp%2Fv2%2Fmedia&parent=48325"}],"wp:term":[{"taxonomy":"category","embeddable":true,"href":"https:\/\/haberbesiktas.tr\/index.php?rest_route=%2Fwp%2Fv2%2Fcategories&post=48325"},{"taxonomy":"post_tag","embeddable":true,"href":"https:\/\/haberbesiktas.tr\/index.php?rest_route=%2Fwp%2Fv2%2Ftags&post=48325"}],"curies":[{"name":"wp","href":"https:\/\/api.w.org\/{rel}","templated":true}]}}