{"id":4833,"date":"2025-01-19T23:00:11","date_gmt":"2025-01-19T23:00:11","guid":{"rendered":"https:\/\/haberbesiktas.tr\/?p=4833"},"modified":"2025-01-19T23:00:11","modified_gmt":"2025-01-19T23:00:11","slug":"metin-ozturkle-hulusi-belgu-arasinda-tartisma","status":"publish","type":"post","link":"https:\/\/haberbesiktas.tr\/?p=4833","title":{"rendered":"Metin \u00d6zt\u00fcrk&#8217;le Hulusi Belg\u00fc aras\u0131nda tart\u0131\u015fma!"},"content":{"rendered":"<div>Galatasaray-Fenerbah\u00e7e kar\u015f\u0131la\u015fmas\u0131n\u0131n akabinde ya\u015fanan olaylara ait yarg\u0131lama s\u00fcrecinde Metin \u00d6zt\u00fcrk ve Hulusi Belg\u00fc tart\u0131\u015ft\u0131.<\/p>\n<p> \u0130stanbul Cumhuriyet Ba\u015fsavc\u0131l\u0131\u011f\u0131 taraf\u0131ndan 19 May\u0131s&#8217;taki Galatasaray-Fenerbah\u00e7e kar\u015f\u0131la\u015fmas\u0131n\u0131n akabinde ya\u015fanan ve stadyum m\u00fcd\u00fcr\u00fc Ali \u00c7elikk\u0131ran&#8217;\u0131n darbedilmesiyle sonu\u00e7lanan olaylara ait yarg\u0131lama s\u00fcreci ba\u015flad\u0131.<\/p>\n<p> Adliye koridorlar\u0131nda Galatasaray \u0130kinci Lideri Metin \u00d6zt\u00fcrk ile Fenerbah\u00e7e Y\u00f6netim Kurulu \u00fcyesi Hulusi Belg\u00fc tart\u0131\u015fma ya\u015fad\u0131.<\/p>\n<p> <strong>&#8220;H\u0130\u00c7 M\u0130 UTANMIYORSUNUZ?&#8221;<\/strong><\/p>\n<p> Hulusi Belg\u00fc, Metin \u00d6zt\u00fcrk&#8217;e, &#8220;Hi\u00e7 mi utanm\u0131yorsunuz, yak\u0131\u015f\u0131yor mu size? Herkesi tahrik edip ondan sonra gerini d\u00f6n\u00fcp gidiyorsun. \u00c7eken \u00e7eksin.&#8221; kelamlar\u0131yla reaksiyon g\u00f6sterdi.<\/p>\n<p> Metin \u00d6zt\u00fcrk ise gerisini d\u00f6nerek oradan uzakla\u015ft\u0131.<\/p>\n<p>https:\/\/twitter.com\/sporxtv\/status\/1878779536378397176<\/p>\n<\/p><\/div>\n","protected":false},"excerpt":{"rendered":"<p>Galatasaray-Fenerbah\u00e7e kar\u015f\u0131la\u015fmas\u0131n\u0131n akabinde ya\u015fanan olaylara ait yarg\u0131lama s\u00fcreci start ald\u0131. Hulusi Belg\u00fc ve Metin \u00d6zt\u00fcrk ortas\u0131nda gerginlik ya\u015fand\u0131.<\/p>\n","protected":false},"author":1,"featured_media":4834,"comment_status":"open","ping_status":"open","sticky":false,"template":"","format":"standard","meta":{"footnotes":""},"categories":[25],"tags":[],"class_list":["post-4833","post","type-post","status-publish","format-standard","has-post-thumbnail","hentry","category-futbol"],"_links":{"self":[{"href":"https:\/\/haberbesiktas.tr\/index.php?rest_route=\/wp\/v2\/posts\/4833","targetHints":{"allow":["GET"]}}],"collection":[{"href":"https:\/\/haberbesiktas.tr\/index.php?rest_route=\/wp\/v2\/posts"}],"about":[{"href":"https:\/\/haberbesiktas.tr\/index.php?rest_route=\/wp\/v2\/types\/post"}],"author":[{"embeddable":true,"href":"https:\/\/haberbesiktas.tr\/index.php?rest_route=\/wp\/v2\/users\/1"}],"replies":[{"embeddable":true,"href":"https:\/\/haberbesiktas.tr\/index.php?rest_route=%2Fwp%2Fv2%2Fcomments&post=4833"}],"version-history":[{"count":1,"href":"https:\/\/haberbesiktas.tr\/index.php?rest_route=\/wp\/v2\/posts\/4833\/revisions"}],"predecessor-version":[{"id":4835,"href":"https:\/\/haberbesiktas.tr\/index.php?rest_route=\/wp\/v2\/posts\/4833\/revisions\/4835"}],"wp:featuredmedia":[{"embeddable":true,"href":"https:\/\/haberbesiktas.tr\/index.php?rest_route=\/wp\/v2\/media\/4834"}],"wp:attachment":[{"href":"https:\/\/haberbesiktas.tr\/index.php?rest_route=%2Fwp%2Fv2%2Fmedia&parent=4833"}],"wp:term":[{"taxonomy":"category","embeddable":true,"href":"https:\/\/haberbesiktas.tr\/index.php?rest_route=%2Fwp%2Fv2%2Fcategories&post=4833"},{"taxonomy":"post_tag","embeddable":true,"href":"https:\/\/haberbesiktas.tr\/index.php?rest_route=%2Fwp%2Fv2%2Ftags&post=4833"}],"curies":[{"name":"wp","href":"https:\/\/api.w.org\/{rel}","templated":true}]}}