{"id":4836,"date":"2025-01-19T23:11:58","date_gmt":"2025-01-19T23:11:58","guid":{"rendered":"https:\/\/haberbesiktas.tr\/?p=4836"},"modified":"2025-01-19T23:11:58","modified_gmt":"2025-01-19T23:11:58","slug":"adanada-ormancilik-olimpiyatlari-basladi","status":"publish","type":"post","link":"https:\/\/haberbesiktas.tr\/?p=4836","title":{"rendered":"Adana&#8217;da &#8220;Ormanc\u0131l\u0131k Olimpiyatlar\u0131&#8221; ba\u015flad\u0131"},"content":{"rendered":"<p>Adana Orman B\u00f6lge M\u00fcd\u00fcrl\u00fc\u011f\u00fcnce birinci kere d\u00fczenlenen <strong>&#8220;Ormanc\u0131l\u0131k Olimpiyatlar\u0131&#8221;<\/strong>, 10 metre tabanca at\u0131\u015f\u0131yla ba\u015flad\u0131.<\/p>\n<p> Gen\u00e7lik ve Spor M\u00fcd\u00fcrl\u00fc\u011f\u00fcn\u00fcn Sar\u0131\u00e7am il\u00e7esindeki Y\u00fccel K\u0131l\u0131\u00e7yald\u0131r Poligonu&#8217;nda ger\u00e7ekle\u015ftirilen kar\u015f\u0131la\u015fmalara, 61 i\u015f\u00e7i kat\u0131ld\u0131. At\u0131\u015flar sonucunda birinci 3 s\u0131rada Musa Demir, Abd\u00fclkadir Bozan ve Ali Do\u011fan yer ald\u0131.\u00a0<\/p>\n<p> Orman B\u00f6lge M\u00fcd\u00fcr\u00fc Tahsin Etli, AA muhabirine, birinci kere organize edilen &#8220;Ormanc\u0131l\u0131k Olimpiyatlar\u0131&#8221;na, m\u00fcd\u00fcrl\u00fck b\u00fcnyesinde vazifeli \u00e7al\u0131\u015fandan gerekli kaideleri sa\u011flayanlar\u0131n kat\u0131ld\u0131\u011f\u0131n\u0131 s\u00f6yledi.\u00a0<\/p>\n<p> Tertibin a\u00e7\u0131l\u0131\u015f seremonisinin yar\u0131n ger\u00e7ekle\u015ftirilece\u011fini belirten Etli, memleketler aras\u0131 olimpiyat d\u00fczenlenmesi konusunda \u00f6nc\u00fcl\u00fck yap\u0131ld\u0131\u011f\u0131n\u0131 anlatt\u0131.\u00a0<\/p>\n<p> <strong>&#8211; Ormanc\u0131l\u0131k Olimpiyatlar\u0131<\/strong><\/p>\n<p> Adana Orman B\u00f6lge M\u00fcd\u00fcrl\u00fc\u011f\u00fcne ba\u011fl\u0131 \u015fefliklerde vazifeli 255 i\u015f\u00e7i ile Orman B\u00f6lge M\u00fcd\u00fcrl\u00fc\u011f\u00fcnde e\u011fitim alan orman yang\u0131n\u0131 g\u00f6n\u00fcll\u00fcleri, 16 Ocak&#8217;a kadar s\u00fcrecek olimpiyatlarda fiziki dayan\u0131kl\u0131l\u0131k ve at\u0131c\u0131l\u0131k, orman yang\u0131nlar\u0131 ve zararl\u0131lar\u0131yla u\u011fra\u015f, silvik\u00fclt\u00fcr (planl\u0131 yeni ormanlar\u0131n olu\u015fturulmas\u0131), i\u015fletme ve pazarlama bran\u015flar\u0131nda yar\u0131\u015facak.<\/p>\n<p> 45 hakem ve idari \u00e7al\u0131\u015fan\u0131n vazife alaca\u011f\u0131 tertibin \u00f6d\u00fcl merasimi 17 Ocak&#8217;ta d\u00fczenlenecek.<\/p>\n","protected":false},"excerpt":{"rendered":"<p>Adana&#8217;da birinci defa d\u00fczenlenen &#8220;Ormanc\u0131l\u0131k Olimpiyatlar\u0131&#8221; tabanca at\u0131\u015f\u0131yla ba\u015flad\u0131.<\/p>\n","protected":false},"author":1,"featured_media":4837,"comment_status":"open","ping_status":"open","sticky":false,"template":"","format":"standard","meta":{"footnotes":""},"categories":[27],"tags":[465,681],"class_list":["post-4836","post","type-post","status-publish","format-standard","has-post-thumbnail","hentry","category-guncel-haberler","tag-olimpiyat","tag-orman"],"_links":{"self":[{"href":"https:\/\/haberbesiktas.tr\/index.php?rest_route=\/wp\/v2\/posts\/4836","targetHints":{"allow":["GET"]}}],"collection":[{"href":"https:\/\/haberbesiktas.tr\/index.php?rest_route=\/wp\/v2\/posts"}],"about":[{"href":"https:\/\/haberbesiktas.tr\/index.php?rest_route=\/wp\/v2\/types\/post"}],"author":[{"embeddable":true,"href":"https:\/\/haberbesiktas.tr\/index.php?rest_route=\/wp\/v2\/users\/1"}],"replies":[{"embeddable":true,"href":"https:\/\/haberbesiktas.tr\/index.php?rest_route=%2Fwp%2Fv2%2Fcomments&post=4836"}],"version-history":[{"count":1,"href":"https:\/\/haberbesiktas.tr\/index.php?rest_route=\/wp\/v2\/posts\/4836\/revisions"}],"predecessor-version":[{"id":4838,"href":"https:\/\/haberbesiktas.tr\/index.php?rest_route=\/wp\/v2\/posts\/4836\/revisions\/4838"}],"wp:featuredmedia":[{"embeddable":true,"href":"https:\/\/haberbesiktas.tr\/index.php?rest_route=\/wp\/v2\/media\/4837"}],"wp:attachment":[{"href":"https:\/\/haberbesiktas.tr\/index.php?rest_route=%2Fwp%2Fv2%2Fmedia&parent=4836"}],"wp:term":[{"taxonomy":"category","embeddable":true,"href":"https:\/\/haberbesiktas.tr\/index.php?rest_route=%2Fwp%2Fv2%2Fcategories&post=4836"},{"taxonomy":"post_tag","embeddable":true,"href":"https:\/\/haberbesiktas.tr\/index.php?rest_route=%2Fwp%2Fv2%2Ftags&post=4836"}],"curies":[{"name":"wp","href":"https:\/\/api.w.org\/{rel}","templated":true}]}}