{"id":48389,"date":"2026-01-11T15:48:04","date_gmt":"2026-01-11T15:48:04","guid":{"rendered":"https:\/\/haberbesiktas.tr\/?p=48389"},"modified":"2026-01-11T15:48:04","modified_gmt":"2026-01-11T15:48:04","slug":"dorgeles-nene-bugun-yeni-bir-bolum-basliyor","status":"publish","type":"post","link":"https:\/\/haberbesiktas.tr\/?p=48389","title":{"rendered":"Dorgeles Nene: &#8220;Bug\u00fcn yeni bir b\u00f6l\u00fcm ba\u015fl\u0131yor&#8221;"},"content":{"rendered":"<div>\n<p>Fenerbah\u00e7e&#8217;nin Malili y\u0131ld\u0131z\u0131 Dorgeles Nene, Afrika Uluslar Kupas\u0131 ve \u00dcst\u00fcn Kupa Finali&#8217;nde Galatasaray&#8217;\u0131 2-0 ma\u011flup ederek \u015fampiyon olduklar\u0131 m\u00fcsabakan\u0131n akabinde toplumsal medya hesab\u0131ndan payla\u015f\u0131mda bulundu.<\/p>\n<p><strong>&#8220;ZAFER\u0130N NE KADAR KIRILGAN OLAB\u0130LECE\u011e\u0130N\u0130 G\u00d6RD\u00dcK&#8221;<\/strong><\/p>\n<p> Mali Ulusal Kadrosu ismine konu\u015fan Nene, turnuvadaki ma\u011flubiyetin kendileri i\u00e7in de\u011ferli bir ders oldu\u011funu vurgulad\u0131. <strong>&#8220;Afrika Kupas\u0131&#8217;nda zaferin ne kadar k\u0131r\u0131lgan olabilece\u011fini bir defa daha g\u00f6rd\u00fck. \u00dclkemi gururla temsil ederken elimden gelenin en uygununu yapt\u0131m. Bizi son ana kadar ayakta tutan taraftarlar\u0131m\u0131za bilhassa te\u015fekk\u00fcr ediyorum&#8221;<\/strong> s\u00f6zlerini kullanan Malili futbolcu, bu sonucun onlar\u0131 daha da g\u00fc\u00e7lendirmesi gerekti\u011fini belirtti. <\/p>\n<p> <img decoding=\"async\" src=\"https:\/\/haberbesiktas.tr\/wp-content\/uploads\/2026\/01\/dorgeles-nene-bugun-yeni-bir-bolum-basliyor-0-VDRFlRhB.jpg\"\/><\/p>\n<p> <strong>&#8220;DERS \u00c7IKARMAK \u0130\u00c7\u0130N B\u0130R FIRSAT&#8221;<\/strong><\/p>\n<p> Gen\u00e7 oyuncu, ya\u015fanan bu geri ad\u0131m\u0131n akabinde maksatlar\u0131n\u0131n net oldu\u011funu da lisana getirdi: <strong>&#8220;Bu ma\u011flubiyet s\u0131k\u0131nt\u0131 olsa da aya\u011fa kalkmam\u0131z, yan\u0131lg\u0131lar\u0131m\u0131zdan ders \u00e7\u0131karmam\u0131z ve birlikte ilerlememiz i\u00e7in bir f\u0131rsat. Geli\u015fim seyahatimizde birlik olmaya devam edece\u011fiz.&#8221;<\/strong><\/p>\n<p> <strong>&#8220;BUG\u00dcN YEN\u0130 B\u0130R KISIM BA\u015eLIYOR&#8221;<\/strong><\/p>\n<p> Nene, kul\u00fcp mesle\u011finde ise apayr\u0131 bir sayfa a\u00e7t\u0131\u011f\u0131n\u0131 s\u00f6yledi. Harika Kupa \u015fampiyonlu\u011fu sonras\u0131 Nene,<strong>\u00a0&#8220;Bug\u00fcn yeni bir k\u0131s\u0131m ba\u015fl\u0131yor. Kararl\u0131 bir ekibin kesimi olarak T\u00fcrkiye&#8217;de \u015fampiyon oldum. Ekip arkada\u015flar\u0131ma, teknik tak\u0131ma ve bu d\u00f6nemi unutulmaz k\u0131lan taraftarlar\u0131m\u0131za minnettar\u0131m&#8221;<\/strong> dedi.<\/p>\n<p> <strong>&#8220;YEN\u0130 KUPALARI KONUTUMUZA GET\u0130RMEL\u0130Y\u0130Z&#8221;\u00a0<\/strong><\/p>\n<p> Muvaffakiyetin rehavete yol a\u00e7mamas\u0131 gerekti\u011fini vurgulayan Dorgeles Nene, kelamlar\u0131n\u0131 \u015f\u00f6yle tamamlad\u0131:<\/p>\n<p> <strong>&#8220;Sahada ge\u00e7irdi\u011fimiz her an \u00e7ok k\u0131ymetliydi. Yolumuz uzun lakin m\u00fctevaz\u0131 kalmal\u0131, daha y\u00fckse\u011fi hedeflemeli ve birlikte \u00e7al\u0131\u015farak yeni kupalar\u0131 konutumuza getirmeliyiz.&#8221;<\/strong><\/p>\n<\/div>\n","protected":false},"excerpt":{"rendered":"<p>Fenerbah\u00e7e&#8217;nin Malili y\u0131ld\u0131z\u0131 Dorgeles Nene, Afrika Uluslar Kupas\u0131 ve Muhte\u015fem Kupa s\u00fcrecini de\u011ferlendirdi\u011fi bir Instagram payla\u015f\u0131m\u0131 yaparak &#8220;Bug\u00fcn yeni bir k\u0131s\u0131m ba\u015fl\u0131yor&#8221; bildirisi verdi.<\/p>\n","protected":false},"author":1,"featured_media":48390,"comment_status":"open","ping_status":"open","sticky":false,"template":"","format":"standard","meta":{"footnotes":""},"categories":[25],"tags":[120,3675],"class_list":["post-48389","post","type-post","status-publish","format-standard","has-post-thumbnail","hentry","category-futbol","tag-kupa","tag-nene"],"_links":{"self":[{"href":"https:\/\/haberbesiktas.tr\/index.php?rest_route=\/wp\/v2\/posts\/48389","targetHints":{"allow":["GET"]}}],"collection":[{"href":"https:\/\/haberbesiktas.tr\/index.php?rest_route=\/wp\/v2\/posts"}],"about":[{"href":"https:\/\/haberbesiktas.tr\/index.php?rest_route=\/wp\/v2\/types\/post"}],"author":[{"embeddable":true,"href":"https:\/\/haberbesiktas.tr\/index.php?rest_route=\/wp\/v2\/users\/1"}],"replies":[{"embeddable":true,"href":"https:\/\/haberbesiktas.tr\/index.php?rest_route=%2Fwp%2Fv2%2Fcomments&post=48389"}],"version-history":[{"count":1,"href":"https:\/\/haberbesiktas.tr\/index.php?rest_route=\/wp\/v2\/posts\/48389\/revisions"}],"predecessor-version":[{"id":48392,"href":"https:\/\/haberbesiktas.tr\/index.php?rest_route=\/wp\/v2\/posts\/48389\/revisions\/48392"}],"wp:featuredmedia":[{"embeddable":true,"href":"https:\/\/haberbesiktas.tr\/index.php?rest_route=\/wp\/v2\/media\/48390"}],"wp:attachment":[{"href":"https:\/\/haberbesiktas.tr\/index.php?rest_route=%2Fwp%2Fv2%2Fmedia&parent=48389"}],"wp:term":[{"taxonomy":"category","embeddable":true,"href":"https:\/\/haberbesiktas.tr\/index.php?rest_route=%2Fwp%2Fv2%2Fcategories&post=48389"},{"taxonomy":"post_tag","embeddable":true,"href":"https:\/\/haberbesiktas.tr\/index.php?rest_route=%2Fwp%2Fv2%2Ftags&post=48389"}],"curies":[{"name":"wp","href":"https:\/\/api.w.org\/{rel}","templated":true}]}}