{"id":4842,"date":"2025-01-20T00:11:58","date_gmt":"2025-01-20T00:11:58","guid":{"rendered":"https:\/\/haberbesiktas.tr\/?p=4842"},"modified":"2025-01-20T00:11:58","modified_gmt":"2025-01-20T00:11:58","slug":"mascherano-neymari-dusunmek-bile-imkansiz","status":"publish","type":"post","link":"https:\/\/haberbesiktas.tr\/?p=4842","title":{"rendered":"Mascherano: &#8220;Neymar&#8217;\u0131 d\u00fc\u015f\u00fcnmek bile imkans\u0131z&#8221;"},"content":{"rendered":"<div>Inter Miami Teknik Y\u00f6neticisi Javier Mascherano, Neymar&#8217;\u0131n ABD grubuna transfer olaca\u011f\u0131 savlar\u0131yla ilgili konu\u015ftu.<\/p>\n<p> Arjantinli teknik adam yapt\u0131\u011f\u0131 a\u00e7\u0131klamada, Neymar&#8217;\u0131n maa\u015f\u0131 sebebiyle transferinin imkans\u0131z oldu\u011funu belirtti.<\/p>\n<p> Mascherano, &#8220;Neymar&#8217;la ilgilenmiyoruz. Bu elimizde olan bir \u015fey de\u011fil. O kusursuz bir oyuncu. D\u00fcnyadaki her teknik adam onu ister ancak \u015fu anda bizim i\u00e7in \u00e7ok s\u0131k\u0131nt\u0131 bir ihtimal.&#8221; dedi.<\/p>\n<p> MLS&#8217;in maa\u015f sonlar\u0131n\u0131n oldu\u011funu belirten Mascherano, &#8220;MLS&#8217;in maa\u015f sonlar\u0131yla ilgili kurallar\u0131 ortada. Hasebiyle bizim i\u00e7in onu d\u00fc\u015f\u00fcnmek bile imkans\u0131z.&#8221; tabirlerini kulland\u0131.<\/p>\n<p> Al Hilal formas\u0131 giyen 32 ya\u015f\u0131ndaki Neymar, uzun s\u00fcren sakatl\u0131\u011f\u0131n\u0131n akabinde tekar alanlara d\u00f6nd\u00fc. Bu d\u00f6nem 2 ma\u00e7ta forma giyen Brezilyal\u0131 y\u0131ld\u0131z, gol yahut asist katk\u0131s\u0131 yapamad\u0131.<\/p>\n<\/div>\n","protected":false},"excerpt":{"rendered":"<p>Inter Miami Teknik Y\u00f6neticisi Javier Mascherano, Neymar savlar\u0131na fla\u015f bir cevap verdi.<\/p>\n","protected":false},"author":1,"featured_media":4843,"comment_status":"open","ping_status":"open","sticky":false,"template":"","format":"standard","meta":{"footnotes":""},"categories":[25],"tags":[],"class_list":["post-4842","post","type-post","status-publish","format-standard","has-post-thumbnail","hentry","category-futbol"],"_links":{"self":[{"href":"https:\/\/haberbesiktas.tr\/index.php?rest_route=\/wp\/v2\/posts\/4842","targetHints":{"allow":["GET"]}}],"collection":[{"href":"https:\/\/haberbesiktas.tr\/index.php?rest_route=\/wp\/v2\/posts"}],"about":[{"href":"https:\/\/haberbesiktas.tr\/index.php?rest_route=\/wp\/v2\/types\/post"}],"author":[{"embeddable":true,"href":"https:\/\/haberbesiktas.tr\/index.php?rest_route=\/wp\/v2\/users\/1"}],"replies":[{"embeddable":true,"href":"https:\/\/haberbesiktas.tr\/index.php?rest_route=%2Fwp%2Fv2%2Fcomments&post=4842"}],"version-history":[{"count":1,"href":"https:\/\/haberbesiktas.tr\/index.php?rest_route=\/wp\/v2\/posts\/4842\/revisions"}],"predecessor-version":[{"id":4844,"href":"https:\/\/haberbesiktas.tr\/index.php?rest_route=\/wp\/v2\/posts\/4842\/revisions\/4844"}],"wp:featuredmedia":[{"embeddable":true,"href":"https:\/\/haberbesiktas.tr\/index.php?rest_route=\/wp\/v2\/media\/4843"}],"wp:attachment":[{"href":"https:\/\/haberbesiktas.tr\/index.php?rest_route=%2Fwp%2Fv2%2Fmedia&parent=4842"}],"wp:term":[{"taxonomy":"category","embeddable":true,"href":"https:\/\/haberbesiktas.tr\/index.php?rest_route=%2Fwp%2Fv2%2Fcategories&post=4842"},{"taxonomy":"post_tag","embeddable":true,"href":"https:\/\/haberbesiktas.tr\/index.php?rest_route=%2Fwp%2Fv2%2Ftags&post=4842"}],"curies":[{"name":"wp","href":"https:\/\/api.w.org\/{rel}","templated":true}]}}