{"id":48451,"date":"2026-01-11T19:36:04","date_gmt":"2026-01-11T19:36:04","guid":{"rendered":"https:\/\/haberbesiktas.tr\/?p=48451"},"modified":"2026-01-11T19:36:04","modified_gmt":"2026-01-11T19:36:04","slug":"acun-ilicali-bu-sezon-ilk-kez-basarmak-istiyorum","status":"publish","type":"post","link":"https:\/\/haberbesiktas.tr\/?p=48451","title":{"rendered":"Acun Il\u0131cal\u0131: &#8220;Bu sezon ilk kez ba\u015farmak istiyorum&#8221;"},"content":{"rendered":"<div>Acun Il\u0131cal\u0131&#8217;n\u0131n sahibi oldu\u011fu Hull City, bug\u00fcn (Pazar) saat 17.30&#8217;da FA Cup 3. \u00e7e\u015fit ma\u00e7\u0131nda Blackburn Rovers ile kar\u015f\u0131la\u015facak. Acun Il\u0131cal\u0131, bu ma\u00e7 \u00f6ncesi a\u00e7\u0131klamalarda bulundu.<\/p>\n<p><strong>&#8220;BU D\u00d6NEM BA\u015eARMAK \u0130ST\u0130YORUM&#8221;<\/strong><\/p>\n<p> Il\u0131cal\u0131, &#8220;<strong>Neredeyse kul\u00fcb\u00fcn sahibi oldu\u011fumdan bu yana 3. tipi ge\u00e7emedik. Bu d\u00f6nem bunu ba\u015farmak istiyorum. Kolay olmayaca\u011f\u0131 bir ger\u00e7ek. Blackburn d\u00fczg\u00fcn bir kadro lakin biz de \u00f6yleyiz.&#8221;<\/strong>\u00a0s\u00f6zlerini sarf etti.<\/p>\n<p><strong>LIAM ROSENIOR \u0130\u00c7\u0130N A\u00c7IKLAMA<\/strong><\/p>\n<p> Acun Il\u0131cal\u0131, FA Cup&#8217;ta \u00e7e\u015fidi ge\u00e7meleri durumunda ilerleyen \u00e7e\u015fitlerde eski teknik y\u00f6neticileri Liam Rosenior&#8217;un ba\u015f\u0131na ge\u00e7ti\u011fi Chelsea ile kar\u015f\u0131la\u015fmak istedi\u011fini de s\u00f6yledi.<\/p>\n<p><strong>&#8220;F\u0130NAL OLURSA \u00dcZ\u00dcLMEY\u0130Z&#8221;<\/strong> <\/p>\n<p> Hull City&#8217;nin sahibi Acun Il\u0131cal\u0131, <strong>&#8220;4. yahut 5. cinste Chelsea ile konutumuzda yahut Stamford Bridge&#8217;de kar\u015f\u0131la\u015fmak istemem. Blackburn&#8217;\u00fc konutumuzda yenip tipi ge\u00e7ersek, bu d\u00f6nem Liam&#8217;\u0131n grubuyla m\u00fcsabakam\u0131z gereken tek yer, May\u0131s ay\u0131nda Wembley&#8217;de oynanacak FA Cup finali olur. O vakit kaybetsek bile, Wembley&#8217;de final oynad\u0131\u011f\u0131m\u0131z i\u00e7in \u00e7ok \u00fcz\u00fclmeyiz.&#8221;<\/strong> kelamlar\u0131n\u0131 sarf etti.<\/p>\n<p> Chelsea, yeni teknik y\u00f6neticisi Liam Rosenior&#8217;un birinci ma\u00e7\u0131nda FA Cup 3. cins ma\u00e7\u0131nda Charlton&#8217;u deplasmanda 5-1 ma\u011flup ederek \u00e7e\u015fit atlam\u0131\u015ft\u0131.<\/p>\n<\/div>\n","protected":false},"excerpt":{"rendered":"<p>Hull City&#8217;nin Ba\u015fkan\u0131 Acun Il\u0131cal\u0131, bu d\u00f6nem birinci defa FA Cup&#8217;ta 3. cinsin \u00f6tesine ge\u00e7mek istedi\u011fini s\u00f6yledi.<\/p>\n","protected":false},"author":1,"featured_media":48452,"comment_status":"open","ping_status":"open","sticky":false,"template":"","format":"standard","meta":{"footnotes":""},"categories":[25],"tags":[221],"class_list":["post-48451","post","type-post","status-publish","format-standard","has-post-thumbnail","hentry","category-futbol","tag-tur"],"_links":{"self":[{"href":"https:\/\/haberbesiktas.tr\/index.php?rest_route=\/wp\/v2\/posts\/48451","targetHints":{"allow":["GET"]}}],"collection":[{"href":"https:\/\/haberbesiktas.tr\/index.php?rest_route=\/wp\/v2\/posts"}],"about":[{"href":"https:\/\/haberbesiktas.tr\/index.php?rest_route=\/wp\/v2\/types\/post"}],"author":[{"embeddable":true,"href":"https:\/\/haberbesiktas.tr\/index.php?rest_route=\/wp\/v2\/users\/1"}],"replies":[{"embeddable":true,"href":"https:\/\/haberbesiktas.tr\/index.php?rest_route=%2Fwp%2Fv2%2Fcomments&post=48451"}],"version-history":[{"count":1,"href":"https:\/\/haberbesiktas.tr\/index.php?rest_route=\/wp\/v2\/posts\/48451\/revisions"}],"predecessor-version":[{"id":48453,"href":"https:\/\/haberbesiktas.tr\/index.php?rest_route=\/wp\/v2\/posts\/48451\/revisions\/48453"}],"wp:featuredmedia":[{"embeddable":true,"href":"https:\/\/haberbesiktas.tr\/index.php?rest_route=\/wp\/v2\/media\/48452"}],"wp:attachment":[{"href":"https:\/\/haberbesiktas.tr\/index.php?rest_route=%2Fwp%2Fv2%2Fmedia&parent=48451"}],"wp:term":[{"taxonomy":"category","embeddable":true,"href":"https:\/\/haberbesiktas.tr\/index.php?rest_route=%2Fwp%2Fv2%2Fcategories&post=48451"},{"taxonomy":"post_tag","embeddable":true,"href":"https:\/\/haberbesiktas.tr\/index.php?rest_route=%2Fwp%2Fv2%2Ftags&post=48451"}],"curies":[{"name":"wp","href":"https:\/\/api.w.org\/{rel}","templated":true}]}}