{"id":48470,"date":"2026-01-11T20:48:04","date_gmt":"2026-01-11T20:48:04","guid":{"rendered":"https:\/\/haberbesiktas.tr\/?p=48470"},"modified":"2026-01-11T20:48:04","modified_gmt":"2026-01-11T20:48:04","slug":"inter-hakan-calhanoglu-ile-masaya-oturuyor","status":"publish","type":"post","link":"https:\/\/haberbesiktas.tr\/?p=48470","title":{"rendered":"Inter, Hakan \u00c7alhano\u011flu ile masaya oturuyor!"},"content":{"rendered":"<div>Inter, ulusal futbolcumuz Hakan \u00c7alhano\u011flu i\u00e7in harekete ge\u00e7meye haz\u0131rlan\u0131yor.<\/p>\n<p><strong>YEN\u0130 MUKAVELE \u0130\u00c7\u0130N G\u00d6R\u00dc\u015eME<\/strong><\/p>\n<p> Ulusal futbolcu ile yeni kontrat imzalamak ve Hakan \u00c7alhano\u011flu&#8217;nun kontrat\u0131n\u0131 uzatmak isteyen Inter, Hakan ile \u00f6n\u00fcm\u00fczdeki haftalarda masaya oturmay\u0131 planl\u0131yor.<\/p>\n<p><strong>G\u00d6R\u00dc\u015eMELER BA\u015eLAYACAK!<\/strong><\/p>\n<p> \u0130talya&#8217;dan Corriere dello Sport&#8217;ta yer alan habere nazaran, Inter, 31 ya\u015f\u0131ndaki futbolcu ile \u00f6n\u00fcm\u00fczdeki haftalarda yeni mukavele g\u00f6r\u00fc\u015fmelerine ba\u015flamak istiyor.<\/p>\n<p><strong>INTER \u0130LE MEVCUT S\u00d6ZLE\u015eMES\u0130<\/strong> <\/p>\n<p> Inter, mevcut kontrat\u0131 2027 y\u0131l\u0131nda bitecek Hakan&#8217;\u0131n kontrat\u0131n\u0131 2029 y\u0131l\u0131na kadar uzatmay\u0131 planl\u0131yor.<\/p>\n<p> \u015eimdiki piyasa k\u0131ymeti 22 milyon euro olarak g\u00f6sterilen Hakan \u00c7alhano\u011flu, bu d\u00f6nem Inter formas\u0131 alt\u0131nda \u00e7\u0131kt\u0131\u011f\u0131 21 ma\u00e7ta 7 gol att\u0131 ve 4 asist yapt\u0131.<\/p>\n<\/div>\n","protected":false},"excerpt":{"rendered":"<p>Inter, \u00f6n\u00fcm\u00fczdeki haftalarda Hakan \u00c7alhano\u011flu ile yeni mukavele g\u00f6r\u00fc\u015fmelerine ba\u015flamay\u0131 planl\u0131yor.<\/p>\n","protected":false},"author":1,"featured_media":48471,"comment_status":"open","ping_status":"open","sticky":false,"template":"","format":"standard","meta":{"footnotes":""},"categories":[25],"tags":[1951,622,69],"class_list":["post-48470","post","type-post","status-publish","format-standard","has-post-thumbnail","hentry","category-futbol","tag-hakan","tag-inter","tag-sozlesme"],"_links":{"self":[{"href":"https:\/\/haberbesiktas.tr\/index.php?rest_route=\/wp\/v2\/posts\/48470","targetHints":{"allow":["GET"]}}],"collection":[{"href":"https:\/\/haberbesiktas.tr\/index.php?rest_route=\/wp\/v2\/posts"}],"about":[{"href":"https:\/\/haberbesiktas.tr\/index.php?rest_route=\/wp\/v2\/types\/post"}],"author":[{"embeddable":true,"href":"https:\/\/haberbesiktas.tr\/index.php?rest_route=\/wp\/v2\/users\/1"}],"replies":[{"embeddable":true,"href":"https:\/\/haberbesiktas.tr\/index.php?rest_route=%2Fwp%2Fv2%2Fcomments&post=48470"}],"version-history":[{"count":1,"href":"https:\/\/haberbesiktas.tr\/index.php?rest_route=\/wp\/v2\/posts\/48470\/revisions"}],"predecessor-version":[{"id":48472,"href":"https:\/\/haberbesiktas.tr\/index.php?rest_route=\/wp\/v2\/posts\/48470\/revisions\/48472"}],"wp:featuredmedia":[{"embeddable":true,"href":"https:\/\/haberbesiktas.tr\/index.php?rest_route=\/wp\/v2\/media\/48471"}],"wp:attachment":[{"href":"https:\/\/haberbesiktas.tr\/index.php?rest_route=%2Fwp%2Fv2%2Fmedia&parent=48470"}],"wp:term":[{"taxonomy":"category","embeddable":true,"href":"https:\/\/haberbesiktas.tr\/index.php?rest_route=%2Fwp%2Fv2%2Fcategories&post=48470"},{"taxonomy":"post_tag","embeddable":true,"href":"https:\/\/haberbesiktas.tr\/index.php?rest_route=%2Fwp%2Fv2%2Ftags&post=48470"}],"curies":[{"name":"wp","href":"https:\/\/api.w.org\/{rel}","templated":true}]}}