{"id":48473,"date":"2026-01-11T21:00:05","date_gmt":"2026-01-11T21:00:05","guid":{"rendered":"https:\/\/haberbesiktas.tr\/?p=48473"},"modified":"2026-01-11T21:00:05","modified_gmt":"2026-01-11T21:00:05","slug":"victor-osimhen-avrupada-mansetleri-salladi","status":"publish","type":"post","link":"https:\/\/haberbesiktas.tr\/?p=48473","title":{"rendered":"Victor Osimhen, Avrupa&#8217;da man\u015fetleri sallad\u0131!"},"content":{"rendered":"<div>Afrika Uluslar Kupas\u0131 \u00e7eyrek final ma\u00e7\u0131nda Nijerya, Cezayir&#8217;i 2-0 ma\u011flup ederek ismini yar\u0131 finale yazd\u0131rd\u0131.<\/p>\n<p> Galatasaray&#8217;\u0131n y\u0131ld\u0131z ismi Victor Osimhen, 47. dakikada att\u0131\u011f\u0131 golden 10 dakika sonra Akor Adams&#8217;\u0131n att\u0131\u011f\u0131 gol\u00fcn de asistini yaparak galibiyette ba\u015frol oynad\u0131.<\/p>\n<p> Osimhen, gayretin akabinde da ma\u00e7\u0131n oyuncusu se\u00e7ildi. <\/p>\n<p> <strong>OSIMHEN MAN\u015eETLER\u0130 SALLADI<\/strong><\/p>\n<p> Nijeryal\u0131 golc\u00fc, Cezayir kar\u015f\u0131s\u0131ndaki performans\u0131yla ma\u00e7\u0131n en uygun oyuncusu se\u00e7ilirken Avrupa bas\u0131n\u0131, y\u0131ld\u0131z futbolcunun performans\u0131n\u0131 k\u0131ymetlendirdi.<\/p>\n<p> Athletic&#8217;teki de\u011ferlendirmede, <strong>&#8220;Bu Afrika Uluslar Kupas\u0131&#8217;nda Lookman \u015fahane bir formdayd\u0131, Iwobi durdurulamazd\u0131, Bassey kaya \u00fczere sa\u011flamd\u0131, Adams hareketliydi ve Ndidi sakindi. Lakin Nijerya&#8217;n\u0131n en k\u0131ymetli oyuncusu Osimhen olmaya devam ediyor ve \u015fu anda Rashidi Yekini&#8217;nin t\u00fcm vakitlerin Nijerya rekoru olan 37 gole yaln\u0131zca iki gol uzakl\u0131kta.&#8221;<\/strong> denildi.<\/p>\n<p> Guardian&#8217;daki haberde ise \u015fu tabirler kullan\u0131ld\u0131;<strong>\u00a0&#8220;Osimhen, ikinci yar\u0131n\u0131n ikinci dakikas\u0131nda Bruno Onyemaechi&#8217;nin yapt\u0131\u011f\u0131 ortay\u0131 gole \u00e7evirdi. Adams, 10 dakika sonra Osimhen&#8217;in bencilce davranmadan kendisine pas verdi\u011fi topu Zidane&#8217;\u0131 ge\u00e7erek bo\u015f kaleye g\u00f6ndererek Nijerya&#8217;n\u0131n fark\u0131n\u0131 art\u0131rd\u0131.&#8221;<\/strong><\/p>\n<p> The Standard ise haberinde, <strong>&#8220;Victor Osimhen&#8217;in etkileyici performans\u0131yla Nijerya, Afrika Uluslar Kupas\u0131 yar\u0131 finaline y\u00fckseldi.&#8221;<\/strong> tabirlerini yer ald\u0131.<\/p>\n<p> \u0130talyan bas\u0131n\u0131ndan La Gazetta della Sport&#8217;taki haberde Osimhen i\u00e7in, <strong>&#8220;Eski Napoli oyuncusu bir gol att\u0131 ve bir asist yapt\u0131; &#8216;S\u00fcper Kartallar&#8217; bir \u00fcst tipe y\u00fckseldi ve art\u0131k konut sahibi Fas&#8217;la finale kalmak i\u00e7in gayret edecek. Nijerya Osimhen&#8217;in her zamanki \u00fczere y\u0131ld\u0131zla\u015ft\u0131\u011f\u0131 ma\u00e7ta Cezayir&#8217;i 2-0 ma\u011flup etti.&#8221;<\/strong> s\u00f6zleri kullan\u0131ld\u0131.<\/p>\n<p> La Repubblica da Osimhen Cezayir kar\u015f\u0131s\u0131ndaki performans\u0131n\u0131 \u00f6n plana \u00e7\u0131kar\u0131rken <strong>&#8220;Osimhen, Nijerya&#8217;y\u0131 zafere ta\u015f\u0131d\u0131. Ma\u00e7\u0131n y\u0131ld\u0131z\u0131 Victor Osimhen oldu, bir gol att\u0131 ve bir asist yapt\u0131. Eski Napoli santraforu birinci yar\u0131da ola\u011fan\u00fcst\u00fc bir performans sergiledi.&#8221;<\/strong> denildi.<\/p>\n<p> Mundo Deportivo, Nijerya&#8217;n\u0131n galibiyeti ve Osimhen&#8217;in performans\u0131 i\u00e7in, <strong>&#8220;&#8216;S\u00fcper Kartallar&#8217;, \u015fu an Galatasaray&#8217;da forma giyen ve bir gol at\u0131p ikinci gol\u00fcn de asistini yapan Osimhen \u00f6nderli\u011finde yar\u0131 finallere y\u00fckseldi.&#8221;<\/strong> yorumunda bulundu.<\/p>\n<blockquote class=\"twitter-tweet\" data-width=\"500\" data-dnt=\"true\">\n<p lang=\"tr\" dir=\"ltr\">\u2728 Victor Osimhen&#39;in Cezayir&#39;e att\u0131\u011f\u0131 kafa gol\u00fc! <a href=\"https:\/\/t.co\/KQwFyUxFWz\" rel=\"nofollow\">pic.twitter.com\/KQwFyUxFWz<\/a><\/p>\n<p>&mdash; Sporxtv (@sporxtv) <a href=\"https:\/\/twitter.com\/sporxtv\/status\/2010284331328282642?ref_src=twsrc%5Etfw\" rel=\"nofollow noopener\" target=\"_blank\">January 11, 2026<\/a><\/p><\/blockquote>\n<p><script async src=\"https:\/\/platform.twitter.com\/widgets.js\" charset=\"utf-8\"><\/script><\/p>\n<\/p><\/div>\n","protected":false},"excerpt":{"rendered":"<p>Afrika Uluslar Kupas\u0131&#8217;nda Nijerya, Victor Osimhen&#8217;in 1 gol ve 1 asistle oynad\u0131\u011f\u0131 ma\u00e7ta Cezayir&#8217;i eleyip yar\u0131 finale kald\u0131. Osimhen&#8217;in Cezayir kar\u015f\u0131s\u0131ndaki performans\u0131, Avrupa bas\u0131n\u0131nda man\u015fetleri s\u00fcsledi.<\/p>\n","protected":false},"author":1,"featured_media":48475,"comment_status":"open","ping_status":"open","sticky":false,"template":"","format":"standard","meta":{"footnotes":""},"categories":[25],"tags":[235,77,2721,974,1115],"class_list":["post-48473","post","type-post","status-publish","format-standard","has-post-thumbnail","hentry","category-futbol","tag-final","tag-gol","tag-nijerya","tag-osimhen","tag-performans"],"_links":{"self":[{"href":"https:\/\/haberbesiktas.tr\/index.php?rest_route=\/wp\/v2\/posts\/48473","targetHints":{"allow":["GET"]}}],"collection":[{"href":"https:\/\/haberbesiktas.tr\/index.php?rest_route=\/wp\/v2\/posts"}],"about":[{"href":"https:\/\/haberbesiktas.tr\/index.php?rest_route=\/wp\/v2\/types\/post"}],"author":[{"embeddable":true,"href":"https:\/\/haberbesiktas.tr\/index.php?rest_route=\/wp\/v2\/users\/1"}],"replies":[{"embeddable":true,"href":"https:\/\/haberbesiktas.tr\/index.php?rest_route=%2Fwp%2Fv2%2Fcomments&post=48473"}],"version-history":[{"count":1,"href":"https:\/\/haberbesiktas.tr\/index.php?rest_route=\/wp\/v2\/posts\/48473\/revisions"}],"predecessor-version":[{"id":48476,"href":"https:\/\/haberbesiktas.tr\/index.php?rest_route=\/wp\/v2\/posts\/48473\/revisions\/48476"}],"wp:featuredmedia":[{"embeddable":true,"href":"https:\/\/haberbesiktas.tr\/index.php?rest_route=\/wp\/v2\/media\/48475"}],"wp:attachment":[{"href":"https:\/\/haberbesiktas.tr\/index.php?rest_route=%2Fwp%2Fv2%2Fmedia&parent=48473"}],"wp:term":[{"taxonomy":"category","embeddable":true,"href":"https:\/\/haberbesiktas.tr\/index.php?rest_route=%2Fwp%2Fv2%2Fcategories&post=48473"},{"taxonomy":"post_tag","embeddable":true,"href":"https:\/\/haberbesiktas.tr\/index.php?rest_route=%2Fwp%2Fv2%2Ftags&post=48473"}],"curies":[{"name":"wp","href":"https:\/\/api.w.org\/{rel}","templated":true}]}}