{"id":48480,"date":"2026-01-11T21:48:04","date_gmt":"2026-01-11T21:48:04","guid":{"rendered":"https:\/\/haberbesiktas.tr\/?p=48480"},"modified":"2026-01-11T21:48:04","modified_gmt":"2026-01-11T21:48:04","slug":"super-kupayi-kazanan-fenerbahce-2026-yilina-kupayla-basladi","status":"publish","type":"post","link":"https:\/\/haberbesiktas.tr\/?p=48480","title":{"rendered":"S\u00fcper Kupa&#8217;y\u0131 kazanan Fenerbah\u00e7e, 2026 y\u0131l\u0131na kupayla ba\u015flad\u0131"},"content":{"rendered":"<div>\n<p>Fenerbah\u00e7e, Turkcell Muhte\u015fem Kupa finalinde Galatasaray&#8217;\u0131 2-0 ma\u011flup ederek kupan\u0131n sahibi oldu.<\/p>\n<p> Turkcell Harika Kupa finalinde Galatasaray ile Fenerbah\u00e7e kar\u015f\u0131 kar\u015f\u0131ya geldi. Atat\u00fcrk Olimpiyat Stadyumu&#8217;nda saat 18.45&#8217;te ba\u015flayan m\u00fcsabakay\u0131 Halil Umut Meler y\u00f6netti. Halil Umut Meler&#8217;in yard\u0131mc\u0131l\u0131klar\u0131n\u0131 ise \u0130brahim \u00c7a\u011flar Uyarcan ile Abdullah Bora \u00d6zkara yapt\u0131.<\/p>\n<p> Ma\u00e7a topa hakim olarak ba\u015flayan Fenerbah\u00e7e, 28&#8217;inci dakikada Matteo Guendouzi&#8217;nin att\u0131\u011f\u0131 golle 1-0 \u00f6ne ge\u00e7ti. 48&#8217;inci dakikada ise Jayden Oosterwolde skoru 2-0 yapan gol\u00fc kaydetti. M\u00fcsabakadan 2-0 galip ayr\u0131lan sar\u0131-lacivertliler, Turkcell \u00dcst\u00fcn Kupa 2025&#8217;in sahibi oldu. <\/p>\n<p> <strong>SARI-LAC\u0130VERTL\u0130LER\u0130N 4&#8217;\u00dcNC\u00dc \u00dcST\u00dcN KUPASI<\/strong><\/p>\n<p> Turkcell Muhte\u015fem Kupa finalinde Galatasaray&#8217;\u0131 2-0 ma\u011flup eden Fenerbah\u00e7e, Harika Kupa&#8217;y\u0131 4&#8217;\u00fcnc\u00fc sefer kazand\u0131. Sar\u0131-lacivertliler, 2006 y\u0131l\u0131ndan bu yana oynanan \u00dcst\u00fcn Kupa&#8217;y\u0131 2007, 2009 ve 2014&#8217;te de m\u00fczesine g\u00f6t\u00fcrd\u00fc. \u00d6te yandan Fenerbah\u00e7e, 1965-66 d\u00f6neminden 1997-98 sezonuna kadar lig \u015fampiyonuyla T\u00fcrkiye Kupas\u0131 \u015fampiyonununun kar\u015f\u0131la\u015ft\u0131\u011f\u0131 Cumhurba\u015fkanl\u0131\u011f\u0131 Kupas\u0131&#8217;n\u0131 ise 6 sefer kazanma ba\u015far\u0131s\u0131 g\u00f6stermi\u015fti.<\/p>\n<p> <strong>FENERBAH\u00c7E, 4 MA\u00c7 SONRA GALATASARAY&#8217;I MA\u011eLUP ETT\u0130<\/strong><\/p>\n<p> Finalde Galatasaray&#8217;\u0131 2-0 ile ge\u00e7en Fenerbah\u00e7e, ezeli rakibini 4 ma\u00e7 sonra ma\u011flup etmi\u015f oldu. Son olarak 19 May\u0131s 2024&#8217;te Rams Park&#8217;ta oynanan ma\u00e7ta Galatasaray&#8217;\u0131 1-0 ma\u011flup eden sar\u0131-lacivertliler, bu ma\u00e7tan sonra rakibine 2 sefer ma\u011flup olurken 2 sefer ise berabere kalm\u0131\u015ft\u0131.<\/p>\n<p> <strong>GUENDOUZI, FENERBAH\u00c7E MESLE\u011e\u0130NE GOLLE BA\u015eLADI<\/strong><\/p>\n<p> Fenerbah\u00e7e&#8217;nin k\u0131sa bir m\u00fcddet evvel \u0130talyan tak\u0131m\u0131 Lazio&#8217;dan tak\u0131m\u0131na katt\u0131\u011f\u0131 Matteo Guendouzi, sar\u0131-lacivertli formayla birinci ma\u00e7\u0131nda gol att\u0131. Galatasaray kar\u015f\u0131s\u0131nda ma\u00e7a birinci 11&#8217;de ba\u015flayan Guendouzi, 28&#8217;inci dakikada ekibini \u00f6ne ge\u00e7iren gol\u00fc kaydetti. \u00d6te yandan 26 ya\u015f\u0131ndaki futbolcu ma\u00e7\u0131n en g\u00fczel oyuncusu se\u00e7ildi.<\/p>\n<p> <strong>OOSTERWOLDE BU D\u00d6NEM B\u0130R\u0130NC\u0130 GOL\u00dcN\u00dc GALATASARAY&#8217;A ATTI<\/strong><\/p>\n<p> Fenerbah\u00e7e&#8217;nin 24 ya\u015f\u0131ndaki futbolcusu Jayden Oosterwolde, bu d\u00f6nem birinci gol\u00fcn\u00fc Galatasaray&#8217;a att\u0131. Oosterwolde, 48&#8217;inci dakikada ekibinin ikinci gol\u00fcn\u00fc kaydetti ve ma\u00e7\u0131n skorunu belirledi. Hollandal\u0131 futbolcu, 82&#8217;nci dakikada sakatlanarak yerini \u00c7a\u011flar S\u00f6y\u00fcnc\u00fc&#8217;ye b\u0131rakt\u0131.<\/p>\n<p> <strong>TEDESCO VE SARAN&#8217;IN B\u0130R\u0130NC\u0130 KUPASI<\/strong><\/p>\n<p> Fenerbah\u00e7e&#8217;de 8 Eyl\u00fcl&#8217;de vazifeye gelen teknik y\u00f6netici Domenico Tedesco, sar\u0131-lacivertli kul\u00fcpte birinci kupa sevincini ya\u015fad\u0131. 21 Eyl\u00fcl&#8217;de ba\u015fkanl\u0131\u011fa se\u00e7ilen Sadettin Saran da erkek futbolda birinci kupas\u0131n\u0131 kazand\u0131.<\/p>\n<p> <strong>KUPA SEV\u0130NC\u0130 TARAFTARLA YA\u015eANDI<\/strong><\/p>\n<p> Fenerbah\u00e7eli futbolcular, ma\u00e7\u0131n akabinde d\u00fczenlenen kupa merasiminin akabinde sevinci taraftarlar\u0131yla birlikte ya\u015fad\u0131. Kupayla Sar\u0131-lacivertli trib\u00fcnleri dola\u015fan futbolcular, b\u00fcy\u00fck co\u015fku ya\u015fad\u0131. Bu anlarda futbolcular ve taraftarlar kar\u015f\u0131l\u0131kl\u0131 tezah\u00fcratlarda bulundu.<\/p>\n<\/div>\n","protected":false},"excerpt":{"rendered":"<p>Fenerbah\u00e7e, Turkcell Harika Kupa finalinde Galatasaray&#8217;\u0131 2-0 yenerek d\u00f6nemin birinci kupas\u0131n\u0131 kazand\u0131.<\/p>\n","protected":false},"author":1,"featured_media":48481,"comment_status":"open","ping_status":"open","sticky":false,"template":"","format":"standard","meta":{"footnotes":""},"categories":[25],"tags":[485,120,50,1136,167],"class_list":["post-48480","post","type-post","status-publish","format-standard","has-post-thumbnail","hentry","category-futbol","tag-futbolcu","tag-kupa","tag-mac","tag-sari-lacivertli","tag-super-kupa"],"_links":{"self":[{"href":"https:\/\/haberbesiktas.tr\/index.php?rest_route=\/wp\/v2\/posts\/48480","targetHints":{"allow":["GET"]}}],"collection":[{"href":"https:\/\/haberbesiktas.tr\/index.php?rest_route=\/wp\/v2\/posts"}],"about":[{"href":"https:\/\/haberbesiktas.tr\/index.php?rest_route=\/wp\/v2\/types\/post"}],"author":[{"embeddable":true,"href":"https:\/\/haberbesiktas.tr\/index.php?rest_route=\/wp\/v2\/users\/1"}],"replies":[{"embeddable":true,"href":"https:\/\/haberbesiktas.tr\/index.php?rest_route=%2Fwp%2Fv2%2Fcomments&post=48480"}],"version-history":[{"count":1,"href":"https:\/\/haberbesiktas.tr\/index.php?rest_route=\/wp\/v2\/posts\/48480\/revisions"}],"predecessor-version":[{"id":48482,"href":"https:\/\/haberbesiktas.tr\/index.php?rest_route=\/wp\/v2\/posts\/48480\/revisions\/48482"}],"wp:featuredmedia":[{"embeddable":true,"href":"https:\/\/haberbesiktas.tr\/index.php?rest_route=\/wp\/v2\/media\/48481"}],"wp:attachment":[{"href":"https:\/\/haberbesiktas.tr\/index.php?rest_route=%2Fwp%2Fv2%2Fmedia&parent=48480"}],"wp:term":[{"taxonomy":"category","embeddable":true,"href":"https:\/\/haberbesiktas.tr\/index.php?rest_route=%2Fwp%2Fv2%2Fcategories&post=48480"},{"taxonomy":"post_tag","embeddable":true,"href":"https:\/\/haberbesiktas.tr\/index.php?rest_route=%2Fwp%2Fv2%2Ftags&post=48480"}],"curies":[{"name":"wp","href":"https:\/\/api.w.org\/{rel}","templated":true}]}}