{"id":48483,"date":"2026-01-11T22:00:04","date_gmt":"2026-01-11T22:00:04","guid":{"rendered":"https:\/\/haberbesiktas.tr\/?p=48483"},"modified":"2026-01-11T22:00:04","modified_gmt":"2026-01-11T22:00:04","slug":"genclerbirligi-ahmet-caliki-andi","status":"publish","type":"post","link":"https:\/\/haberbesiktas.tr\/?p=48483","title":{"rendered":"Gen\u00e7lerbirli\u011fi, Ahmet \u00c7al\u0131k&#8217;\u0131 and\u0131"},"content":{"rendered":"<div>Gen\u00e7lerbirli\u011fi Kul\u00fcb\u00fc, altyap\u0131s\u0131nda yeti\u015fen Ahmet \u00c7al\u0131k&#8217;\u0131, vefat\u0131n\u0131n 4. y\u0131l\u0131nda yay\u0131mlad\u0131\u011f\u0131 iletiyle and\u0131.<\/p>\n<p> Kul\u00fcb\u00fcn, ABD merkezli X \u015firketinin toplumsal medya platformundaki hesab\u0131ndan yap\u0131lan payla\u015f\u0131mda, &#8220;Daima kalbimizde olacaks\u0131n\u2026 Kul\u00fcb\u00fcm\u00fcz\u00fcn altyap\u0131s\u0131nda yeti\u015fen en k\u0131ymetli isimlerden Ahmet \u00c7al\u0131k&#8217;\u0131 vefat\u0131n\u0131n 4. y\u0131l\u0131nda h\u00fcrmet, hasret ve rahmetle an\u0131yoruz.&#8221; tabirlerine yer verildi.<\/p>\n<p> Ulusal futbolcu Ahmet \u00c7al\u0131k, 11 Ocak 2022&#8217;de Konya&#8217;dan Ankara&#8217;ya d\u00f6nerken ge\u00e7irdi\u011fi trafik kazas\u0131 sonucu hayat\u0131n\u0131 kaybetmi\u015fti.<\/p>\n<\/div>\n","protected":false},"excerpt":{"rendered":"<p>Gen\u00e7lerbirli\u011fi Kul\u00fcb\u00fc, altyap\u0131s\u0131ndan yeti\u015fen ulusal futbolcu Ahmet \u00c7al\u0131k&#8217;\u0131, trafik kazas\u0131nda hayat\u0131n\u0131 kaybetmesinin 4. y\u0131l\u0131nda yay\u0131mlad\u0131\u011f\u0131 bildiriyle and\u0131.<\/p>\n","protected":false},"author":1,"featured_media":48484,"comment_status":"open","ping_status":"open","sticky":false,"template":"","format":"standard","meta":{"footnotes":""},"categories":[25],"tags":[],"class_list":["post-48483","post","type-post","status-publish","format-standard","has-post-thumbnail","hentry","category-futbol"],"_links":{"self":[{"href":"https:\/\/haberbesiktas.tr\/index.php?rest_route=\/wp\/v2\/posts\/48483","targetHints":{"allow":["GET"]}}],"collection":[{"href":"https:\/\/haberbesiktas.tr\/index.php?rest_route=\/wp\/v2\/posts"}],"about":[{"href":"https:\/\/haberbesiktas.tr\/index.php?rest_route=\/wp\/v2\/types\/post"}],"author":[{"embeddable":true,"href":"https:\/\/haberbesiktas.tr\/index.php?rest_route=\/wp\/v2\/users\/1"}],"replies":[{"embeddable":true,"href":"https:\/\/haberbesiktas.tr\/index.php?rest_route=%2Fwp%2Fv2%2Fcomments&post=48483"}],"version-history":[{"count":1,"href":"https:\/\/haberbesiktas.tr\/index.php?rest_route=\/wp\/v2\/posts\/48483\/revisions"}],"predecessor-version":[{"id":48485,"href":"https:\/\/haberbesiktas.tr\/index.php?rest_route=\/wp\/v2\/posts\/48483\/revisions\/48485"}],"wp:featuredmedia":[{"embeddable":true,"href":"https:\/\/haberbesiktas.tr\/index.php?rest_route=\/wp\/v2\/media\/48484"}],"wp:attachment":[{"href":"https:\/\/haberbesiktas.tr\/index.php?rest_route=%2Fwp%2Fv2%2Fmedia&parent=48483"}],"wp:term":[{"taxonomy":"category","embeddable":true,"href":"https:\/\/haberbesiktas.tr\/index.php?rest_route=%2Fwp%2Fv2%2Fcategories&post=48483"},{"taxonomy":"post_tag","embeddable":true,"href":"https:\/\/haberbesiktas.tr\/index.php?rest_route=%2Fwp%2Fv2%2Ftags&post=48483"}],"curies":[{"name":"wp","href":"https:\/\/api.w.org\/{rel}","templated":true}]}}