{"id":48486,"date":"2026-01-11T22:12:07","date_gmt":"2026-01-11T22:12:07","guid":{"rendered":"https:\/\/haberbesiktas.tr\/?p=48486"},"modified":"2026-01-11T22:12:07","modified_gmt":"2026-01-11T22:12:07","slug":"dominik-livakovic-icin-kriz-devam-ediyor","status":"publish","type":"post","link":"https:\/\/haberbesiktas.tr\/?p=48486","title":{"rendered":"Dominik Livakovic i\u00e7in kriz devam ediyor!"},"content":{"rendered":"<div>Fenerbah\u00e7e&#8217;den yaz transfer periyodunda Girona&#8217;ya giden Dominik Livakovic i\u00e7in \u0130spanya&#8217;da b\u00fcy\u00fck bir belirsizlik ya\u015fan\u0131yor.<\/p>\n<p><strong>TRANSFER\u0130 TAMAMLAYAMADI<\/strong><\/p>\n<p> Girona&#8217;da forma baht\u0131 bulamad\u0131\u011f\u0131 i\u00e7in ayr\u0131lmak isteyen Livakovic, kul\u00fcb\u00fcnden ayr\u0131lmad\u0131.<\/p>\n<p> Eski grubu Dinamo Zagreb ile ismi ge\u00e7en ve Girona&#8217;dan H\u0131rvat tak\u0131m\u0131na transferi beklenen 31 ya\u015f\u0131ndaki eldiven, transfer s\u00fcrecini \u015fimdi tamamlayamad\u0131.<\/p>\n<p><strong>AYRILIK A\u00c7IKLAMASI<\/strong> <\/p>\n<p> Livakovic, bu geli\u015fmenin akabinde Girona ile idmanlara geri d\u00f6nd\u00fc. Fakat H\u0131rvat eldiven ile ilgili \u0130spanyol grubundan ayr\u0131l\u0131k bildirisi geldi.<\/p>\n<p> Girona Teknik Direkt\u00f6r\u00fc Michel, ligde Osasuna ile oynayacaklar\u0131 ma\u00e7 \u00f6ncesi yapt\u0131\u011f\u0131 a\u00e7\u0131klamada Livakovic&#8217;in tak\u0131mda olaca\u011f\u0131n\u0131 fakat tecr\u00fcbeli kalecinin ekipten ayr\u0131lmas\u0131 gerekti\u011fini s\u00f6yledi.<\/p>\n<p><strong>TEKN\u0130K Y\u00d6NET\u0130C\u0130S\u0130NDEN A\u00c7IKLAMA<\/strong><\/p>\n<p> Michel, Livakovic i\u00e7in yapt\u0131\u011f\u0131 a\u00e7\u0131klamada<strong>, &#8220;Hala onun ayr\u0131lmas\u0131 gerekti\u011fini d\u00fc\u015f\u00fcn\u00fcyorum. \u00d6b\u00fcr kul\u00fcplerle ilgili durumu tahlile kavu\u015fmad\u0131. Bizim i\u00e7in oynamaya uygun olmasa da tak\u0131mda olacak.&#8221; dedi. (*Livakovic, Osasuna gayretinde tak\u0131mda yer ald\u0131 ve m\u00fcsabakay\u0131 yedek kul\u00fcbesinde tamamlad\u0131)<\/p>\n<p>LIVAKOVIC YER\u0130NE STEGEN<\/strong><\/p>\n<p> Girona, Livakovic&#8217;in ekipten ayr\u0131lmas\u0131 durumunda Barcelona&#8217;dan Alman file bek\u00e7isi Marc-Andre ter Stegen&#8217;i tak\u0131m\u0131na katmak istiyor.<\/p>\n<p><strong>OYNAMAK \u0130STEM\u0130YOR<\/strong><\/p>\n<p> Fenerbah\u00e7e ile bu d\u00f6nem resmi ma\u00e7a \u00e7\u0131kan Livakovic, bu y\u00fczden Girona ile ma\u00e7a \u00e7\u0131kmak istemiyor. FIFA&#8217;n\u0131n kural\u0131 gere\u011fi, bir futbolcu, bir d\u00f6nemde 3 farkl\u0131 kadroyla resmi ma\u00e7a \u00e7\u0131kam\u0131yor.<\/p>\n<p> D\u00fcnya Kupas\u0131 \u00f6ncesi oynamak isteyen Livakovic, bu nedenle Girona&#8217;da fazla forma baht\u0131 bulamayaca\u011f\u0131 i\u00e7in \u0130spanyol tak\u0131m\u0131nda alana \u00e7\u0131kmak istemiyor.<\/p>\n<p><strong>M\u0130LL\u0130 GRUP R\u0130SK\u0130<\/strong><\/p>\n<p> H\u0131rvatistan ile D\u00fcnya Kupas\u0131&#8217;nda oynamak isteyen Livakovic&#8217;in, bu d\u00f6nem m\u00fcddet bulamamas\u0131 tecr\u00fcbeli kalecinin ulusal gruptaki pozisyonunu da riske at\u0131yor.<\/p>\n<p> \u0130talyan gruplar\u0131yla de ismi ge\u00e7en 31 ya\u015f\u0131ndaki kalecinin bu geli\u015fmelerin akabinde gelece\u011fi b\u00fcy\u00fck bir merak konusu oldu.<\/p>\n<p><strong>FENERBAH\u00c7E \u0130LE S\u00d6ZLE\u015eMES\u0130<\/strong><\/p>\n<p> Fenerbah\u00e7e&#8217;den Girona&#8217;ya kiral\u0131k olarak giden Livakovic&#8217;in, sar\u0131-lacivertliler ile kontrat\u0131 2028 y\u0131l\u0131na kadar devam ediyor.<\/p>\n<\/div>\n","protected":false},"excerpt":{"rendered":"<p>Fenerbah\u00e7e&#8217;den Girona&#8217;ya giden Dominik Livakovic, \u0130spanyol grubundan ayr\u0131lamad\u0131! H\u0131rvat eldivenin gelece\u011fi belirsizli\u011fini koruyor. \u0130\u015fte ya\u015fananlar&#8230;<\/p>\n","protected":false},"author":1,"featured_media":48487,"comment_status":"open","ping_status":"open","sticky":false,"template":"","format":"standard","meta":{"footnotes":""},"categories":[25],"tags":[2785,2749,52],"class_list":["post-48486","post","type-post","status-publish","format-standard","has-post-thumbnail","hentry","category-futbol","tag-girona","tag-livakovic","tag-takim"],"_links":{"self":[{"href":"https:\/\/haberbesiktas.tr\/index.php?rest_route=\/wp\/v2\/posts\/48486","targetHints":{"allow":["GET"]}}],"collection":[{"href":"https:\/\/haberbesiktas.tr\/index.php?rest_route=\/wp\/v2\/posts"}],"about":[{"href":"https:\/\/haberbesiktas.tr\/index.php?rest_route=\/wp\/v2\/types\/post"}],"author":[{"embeddable":true,"href":"https:\/\/haberbesiktas.tr\/index.php?rest_route=\/wp\/v2\/users\/1"}],"replies":[{"embeddable":true,"href":"https:\/\/haberbesiktas.tr\/index.php?rest_route=%2Fwp%2Fv2%2Fcomments&post=48486"}],"version-history":[{"count":1,"href":"https:\/\/haberbesiktas.tr\/index.php?rest_route=\/wp\/v2\/posts\/48486\/revisions"}],"predecessor-version":[{"id":48488,"href":"https:\/\/haberbesiktas.tr\/index.php?rest_route=\/wp\/v2\/posts\/48486\/revisions\/48488"}],"wp:featuredmedia":[{"embeddable":true,"href":"https:\/\/haberbesiktas.tr\/index.php?rest_route=\/wp\/v2\/media\/48487"}],"wp:attachment":[{"href":"https:\/\/haberbesiktas.tr\/index.php?rest_route=%2Fwp%2Fv2%2Fmedia&parent=48486"}],"wp:term":[{"taxonomy":"category","embeddable":true,"href":"https:\/\/haberbesiktas.tr\/index.php?rest_route=%2Fwp%2Fv2%2Fcategories&post=48486"},{"taxonomy":"post_tag","embeddable":true,"href":"https:\/\/haberbesiktas.tr\/index.php?rest_route=%2Fwp%2Fv2%2Ftags&post=48486"}],"curies":[{"name":"wp","href":"https:\/\/api.w.org\/{rel}","templated":true}]}}