{"id":48517,"date":"2026-01-12T00:12:04","date_gmt":"2026-01-12T00:12:04","guid":{"rendered":"https:\/\/haberbesiktas.tr\/?p=48517"},"modified":"2026-01-12T00:12:04","modified_gmt":"2026-01-12T00:12:04","slug":"istanbul-emniyetinden-galatasaray-fenerbahce-derbisine-iliskin-aciklama","status":"publish","type":"post","link":"https:\/\/haberbesiktas.tr\/?p=48517","title":{"rendered":"\u0130stanbul Emniyetinden Galatasaray-Fenerbah\u00e7e derbisine ili\u015fkin a\u00e7\u0131klama!"},"content":{"rendered":"<div>\n<p>\u0130stanbul Emniyet M\u00fcd\u00fcrl\u00fc\u011f\u00fc, Galatasaray-Fenerbah\u00e7e ma\u00e7\u0131 s\u0131ras\u0131nda polise ya\u011fmurluk at\u0131ld\u0131\u011f\u0131 bi\u00e7iminde toplumsal medyada yap\u0131lan payla\u015f\u0131mlar\u0131n ger\u00e7e\u011fi yans\u0131tmad\u0131\u011f\u0131n\u0131, \u00e7al\u0131\u015fan\u0131n t\u00fcm muhta\u00e7l\u0131klar\u0131n\u0131n kar\u015f\u0131land\u0131\u011f\u0131n\u0131 bildirildi.\u00a0<\/p>\n<p> Vilayet Emniyet M\u00fcd\u00fcrl\u00fc\u011f\u00fcnden yap\u0131lan a\u00e7\u0131klamada, \u0130stanbul&#8217;da d\u00fcn oynanan Turkcell \u00dcst\u00fcn Kupa Finali Galatasaray-Fenerbah\u00e7e m\u00fcsabakas\u0131n\u0131n huzur ve itimat ortam\u0131 i\u00e7erisinde ger\u00e7ekle\u015ftirilmesi gayesiyle stat i\u00e7i, etraf\u0131 ve g\u00fczergah\u0131 ile kent genelinde toplam 13 bin emniyet \u00e7al\u0131\u015fan\u0131n\u0131n g\u00f6revlendirildi\u011fi belirtildi.<\/p>\n<p> Kapsaml\u0131 g\u00fcvenlik \u00f6nlemleri ve polisin \u00f6zverili \u00e7al\u0131\u015fmalar\u0131 sayesinde kar\u015f\u0131la\u015fman\u0131n \u00f6nemli olumsuzluk ya\u015fanmadan muvaffakiyetle tamamland\u0131\u011f\u0131 kaydedilen a\u00e7\u0131klamada, <strong>&#8220;Sosyal medyada yer alan, stat i\u00e7erisinde vazifeli polis memurlar\u0131m\u0131za ya\u011fmurluk at\u0131ld\u0131\u011f\u0131 istikametinde ger\u00e7e\u011fi yans\u0131tmayan payla\u015f\u0131mlar\u0131n yap\u0131ld\u0131\u011f\u0131 g\u00f6r\u00fclmesi \u00fczerine bas\u0131n a\u00e7\u0131klamas\u0131 yapma muhta\u00e7l\u0131\u011f\u0131 do\u011fmu\u015ftur. Misyonlu t\u00fcm emniyet i\u015f\u00e7imizin ya\u011fmurluk dahil olmak \u00fczere t\u00fcm gereksinimleri kurumumuz taraf\u0131ndan eksiksiz bi\u00e7imde kar\u015f\u0131lanmaktad\u0131r.&#8221;<\/strong> tabirlerine yer verildi. <\/p>\n<p> A\u00e7\u0131klamada, toplumsal medyada yer alan imajlardaki ya\u011fmurluklar\u0131n ise ma\u00e7 tertibi kapsam\u0131nda statta vazife yapan \u00f6zel g\u00fcvenlik i\u015f\u00e7isine y\u00f6nelik oldu\u011funun anla\u015f\u0131ld\u0131\u011f\u0131 bildirildi.<\/p>\n<p> Ayr\u0131yeten a\u00e7\u0131klamada, kar\u015f\u0131la\u015fman\u0131n huzur ve inan\u00e7 i\u00e7erisinde tamamlanmas\u0131na katk\u0131 sunan her iki grubun kul\u00fcb\u00fcne, taraftarlara ve t\u00fcm sporseverlere sa\u011fduyulu yakla\u015f\u0131mlar\u0131ndan \u00f6t\u00fcr\u00fc te\u015fekk\u00fcr edildi.<\/p>\n<\/div>\n","protected":false},"excerpt":{"rendered":"<p>\u0130stanbul Emniyeti, Galatasaray\u2013Fenerbah\u00e7e finalinde polise ya\u011fmurluk at\u0131ld\u0131\u011f\u0131 tezlerini yalanlad\u0131.<\/p>\n","protected":false},"author":1,"featured_media":48518,"comment_status":"open","ping_status":"open","sticky":false,"template":"","format":"standard","meta":{"footnotes":""},"categories":[25],"tags":[],"class_list":["post-48517","post","type-post","status-publish","format-standard","has-post-thumbnail","hentry","category-futbol"],"_links":{"self":[{"href":"https:\/\/haberbesiktas.tr\/index.php?rest_route=\/wp\/v2\/posts\/48517","targetHints":{"allow":["GET"]}}],"collection":[{"href":"https:\/\/haberbesiktas.tr\/index.php?rest_route=\/wp\/v2\/posts"}],"about":[{"href":"https:\/\/haberbesiktas.tr\/index.php?rest_route=\/wp\/v2\/types\/post"}],"author":[{"embeddable":true,"href":"https:\/\/haberbesiktas.tr\/index.php?rest_route=\/wp\/v2\/users\/1"}],"replies":[{"embeddable":true,"href":"https:\/\/haberbesiktas.tr\/index.php?rest_route=%2Fwp%2Fv2%2Fcomments&post=48517"}],"version-history":[{"count":1,"href":"https:\/\/haberbesiktas.tr\/index.php?rest_route=\/wp\/v2\/posts\/48517\/revisions"}],"predecessor-version":[{"id":48519,"href":"https:\/\/haberbesiktas.tr\/index.php?rest_route=\/wp\/v2\/posts\/48517\/revisions\/48519"}],"wp:featuredmedia":[{"embeddable":true,"href":"https:\/\/haberbesiktas.tr\/index.php?rest_route=\/wp\/v2\/media\/48518"}],"wp:attachment":[{"href":"https:\/\/haberbesiktas.tr\/index.php?rest_route=%2Fwp%2Fv2%2Fmedia&parent=48517"}],"wp:term":[{"taxonomy":"category","embeddable":true,"href":"https:\/\/haberbesiktas.tr\/index.php?rest_route=%2Fwp%2Fv2%2Fcategories&post=48517"},{"taxonomy":"post_tag","embeddable":true,"href":"https:\/\/haberbesiktas.tr\/index.php?rest_route=%2Fwp%2Fv2%2Ftags&post=48517"}],"curies":[{"name":"wp","href":"https:\/\/api.w.org\/{rel}","templated":true}]}}