{"id":4855,"date":"2025-01-20T01:23:58","date_gmt":"2025-01-20T01:23:58","guid":{"rendered":"https:\/\/haberbesiktas.tr\/?p=4855"},"modified":"2025-01-20T01:23:58","modified_gmt":"2025-01-20T01:23:58","slug":"turkiye-amator-spor-kulupleri-konfederasyonu-baskani-degisti","status":"publish","type":"post","link":"https:\/\/haberbesiktas.tr\/?p=4855","title":{"rendered":"T\u00fcrkiye Amat\u00f6r Spor Kul\u00fcpleri Konfederasyonu ba\u015fkan\u0131 de\u011fi\u015fti"},"content":{"rendered":"<div>\n<p>T\u00fcrkiye Amat\u00f6r Spor Kul\u00fcpleri Konfederasyonu (TASKK) genel ba\u015fkanl\u0131\u011f\u0131na, Genel Lider Vekili \u015eener Ayd\u0131n&#8217;\u0131n getirildi\u011fi a\u00e7\u0131kland\u0131.<\/p>\n<p> TASKK&#8217;tan yap\u0131lan a\u00e7\u0131klamada, &#8220;Konfederasyonumuz Y\u00f6netim Kurulu, 09.01.2025 tarih ve 10\/2 say\u0131l\u0131 toplant\u0131s\u0131nda Genel Lider Ali D\u00fc\u015fmez&#8217;in vazifesini yapamaz duruma geldi\u011finden istifa etmi\u015f say\u0131lmas\u0131na, yerine Konfederasyon Genel Ba\u015fkanl\u0131k vazife ve yetkilerini 30.07.2024 tarihinden bug\u00fcne kadar &#8216;Genel Lider Vekili&#8217; s\u0131fat\u0131 ile y\u00fcr\u00fcten \u015eener Ayd\u0131n&#8217;\u0131n Genel Lider olarak se\u00e7ilmesine karar vermi\u015ftir&#8221; denildi.<\/p>\n<\/div>\n","protected":false},"excerpt":{"rendered":"<p>\u015eener Ayd\u0131n, T\u00fcrkiye Amat\u00f6r Spor Kul\u00fcpleri Konfederasyonu Genel Ba\u015fkanl\u0131\u011f\u0131&#8217;na getirildi.<\/p>\n","protected":false},"author":1,"featured_media":4856,"comment_status":"open","ping_status":"open","sticky":false,"template":"","format":"standard","meta":{"footnotes":""},"categories":[25],"tags":[683],"class_list":["post-4855","post","type-post","status-publish","format-standard","has-post-thumbnail","hentry","category-futbol","tag-genel-baskan"],"_links":{"self":[{"href":"https:\/\/haberbesiktas.tr\/index.php?rest_route=\/wp\/v2\/posts\/4855","targetHints":{"allow":["GET"]}}],"collection":[{"href":"https:\/\/haberbesiktas.tr\/index.php?rest_route=\/wp\/v2\/posts"}],"about":[{"href":"https:\/\/haberbesiktas.tr\/index.php?rest_route=\/wp\/v2\/types\/post"}],"author":[{"embeddable":true,"href":"https:\/\/haberbesiktas.tr\/index.php?rest_route=\/wp\/v2\/users\/1"}],"replies":[{"embeddable":true,"href":"https:\/\/haberbesiktas.tr\/index.php?rest_route=%2Fwp%2Fv2%2Fcomments&post=4855"}],"version-history":[{"count":1,"href":"https:\/\/haberbesiktas.tr\/index.php?rest_route=\/wp\/v2\/posts\/4855\/revisions"}],"predecessor-version":[{"id":4857,"href":"https:\/\/haberbesiktas.tr\/index.php?rest_route=\/wp\/v2\/posts\/4855\/revisions\/4857"}],"wp:featuredmedia":[{"embeddable":true,"href":"https:\/\/haberbesiktas.tr\/index.php?rest_route=\/wp\/v2\/media\/4856"}],"wp:attachment":[{"href":"https:\/\/haberbesiktas.tr\/index.php?rest_route=%2Fwp%2Fv2%2Fmedia&parent=4855"}],"wp:term":[{"taxonomy":"category","embeddable":true,"href":"https:\/\/haberbesiktas.tr\/index.php?rest_route=%2Fwp%2Fv2%2Fcategories&post=4855"},{"taxonomy":"post_tag","embeddable":true,"href":"https:\/\/haberbesiktas.tr\/index.php?rest_route=%2Fwp%2Fv2%2Ftags&post=4855"}],"curies":[{"name":"wp","href":"https:\/\/api.w.org\/{rel}","templated":true}]}}