{"id":48568,"date":"2026-01-12T04:00:05","date_gmt":"2026-01-12T04:00:05","guid":{"rendered":"https:\/\/haberbesiktas.tr\/?p=48568"},"modified":"2026-01-12T04:00:05","modified_gmt":"2026-01-12T04:00:05","slug":"fenerbahcede-bir-ayrilik-daha-szymanski-rennes-yolunda","status":"publish","type":"post","link":"https:\/\/haberbesiktas.tr\/?p=48568","title":{"rendered":"Fenerbah\u00e7e&#8217;de bir ayr\u0131l\u0131k daha: Szymanski, Rennes yolunda"},"content":{"rendered":"<div>\n<div>Ara transfer periyodunu hareketli ge\u00e7iren Fenerbah\u00e7e&#8217;de bir ayr\u0131l\u0131k daha g\u00fcndeme d\u00fc\u015ft\u00fc.<\/div>\n<div>\u00a0<\/div>\n<div>Matteo Moretto&#8217;nun aktard\u0131\u011f\u0131na nazaran Fenerbah\u00e7e ile Rennes, Sebastian Szymanski&#8217;nin transferi konusunda mutabakata \u00e7ok yakla\u015ft\u0131.<\/div>\n<div>\u00a0<\/div>\n<div>Taraflar ortas\u0131nda yap\u0131lan g\u00f6r\u00fc\u015fmelerde bonservis bedelinin 11 milyon Euro art\u0131 bonuslar d\u00fczeyinde oldu\u011fu \u00f6\u011frenildi.<\/div>\n<div>\u00a0<\/div>\n<\/p><\/div>\n","protected":false},"excerpt":{"rendered":"<p>Orta transfer devrinde tak\u0131m\u0131nda de\u011fi\u015fime giden Fenerbah\u00e7e&#8217;de Sebastian Szymanski&#8217;nin ayr\u0131l\u0131\u011f\u0131 g\u00fcndeme geldi.<\/p>\n","protected":false},"author":1,"featured_media":48569,"comment_status":"open","ping_status":"open","sticky":false,"template":"","format":"standard","meta":{"footnotes":""},"categories":[25],"tags":[],"class_list":["post-48568","post","type-post","status-publish","format-standard","has-post-thumbnail","hentry","category-futbol"],"_links":{"self":[{"href":"https:\/\/haberbesiktas.tr\/index.php?rest_route=\/wp\/v2\/posts\/48568","targetHints":{"allow":["GET"]}}],"collection":[{"href":"https:\/\/haberbesiktas.tr\/index.php?rest_route=\/wp\/v2\/posts"}],"about":[{"href":"https:\/\/haberbesiktas.tr\/index.php?rest_route=\/wp\/v2\/types\/post"}],"author":[{"embeddable":true,"href":"https:\/\/haberbesiktas.tr\/index.php?rest_route=\/wp\/v2\/users\/1"}],"replies":[{"embeddable":true,"href":"https:\/\/haberbesiktas.tr\/index.php?rest_route=%2Fwp%2Fv2%2Fcomments&post=48568"}],"version-history":[{"count":1,"href":"https:\/\/haberbesiktas.tr\/index.php?rest_route=\/wp\/v2\/posts\/48568\/revisions"}],"predecessor-version":[{"id":48570,"href":"https:\/\/haberbesiktas.tr\/index.php?rest_route=\/wp\/v2\/posts\/48568\/revisions\/48570"}],"wp:featuredmedia":[{"embeddable":true,"href":"https:\/\/haberbesiktas.tr\/index.php?rest_route=\/wp\/v2\/media\/48569"}],"wp:attachment":[{"href":"https:\/\/haberbesiktas.tr\/index.php?rest_route=%2Fwp%2Fv2%2Fmedia&parent=48568"}],"wp:term":[{"taxonomy":"category","embeddable":true,"href":"https:\/\/haberbesiktas.tr\/index.php?rest_route=%2Fwp%2Fv2%2Fcategories&post=48568"},{"taxonomy":"post_tag","embeddable":true,"href":"https:\/\/haberbesiktas.tr\/index.php?rest_route=%2Fwp%2Fv2%2Ftags&post=48568"}],"curies":[{"name":"wp","href":"https:\/\/api.w.org\/{rel}","templated":true}]}}