{"id":48574,"date":"2026-01-12T04:24:04","date_gmt":"2026-01-12T04:24:04","guid":{"rendered":"https:\/\/haberbesiktas.tr\/?p=48574"},"modified":"2026-01-12T04:24:04","modified_gmt":"2026-01-12T04:24:04","slug":"fenerbahcede-kupa-sonrasi-sakatlik-levent-mercan","status":"publish","type":"post","link":"https:\/\/haberbesiktas.tr\/?p=48574","title":{"rendered":"Fenerbah\u00e7e&#8217;de kupa sonras\u0131 sakatl\u0131k: Levent Mercan"},"content":{"rendered":"<div>\n<div>Fenerbah\u00e7e&#8217;ye Galatasaray&#8217;a kar\u015f\u0131 kazan\u0131lan kupa zaferinin akabinde sakatl\u0131k \u015foku ya\u015fand\u0131.<\/div>\n<div>\u00a0<\/div>\n<div>Arka adalesinde y\u0131rt\u0131k tespit edilen Levent Mercan&#8217;\u0131n 3-6 hafta ortas\u0131 alanlardan uzak kalaca\u011f\u0131 \u00f6\u011frenildi.<\/div>\n<div>\u00a0<\/div>\n<div>Domenico Tedesco&#8217;nun Levent ve Archie Brown&#8217;un yoklu\u011funda Jayden Oosterwolde&#8217;yi sol bekte oynataca\u011f\u0131, sol stoperde ise \u00c7a\u011flar S\u00f6y\u00fcnc\u00fc ve Yi\u011fit Efe Demir ortas\u0131nda tercih yapaca\u011f\u0131 belirtildi.<\/div>\n<div>\u00a0<\/div>\n<div>\n<div><strong>FENERBAH\u00c7E&#8217;DEN A\u00c7IKLAMA<\/strong><\/div>\n<div>\u00a0<\/div>\n<div>&#8220;Futbol A Ekibimizin oyuncular\u0131ndan Levent Mercan&#8217;\u0131n d\u00fcn ak\u015fam oynanan Galatasaray ma\u00e7\u0131nda ya\u015fad\u0131\u011f\u0131 sakatl\u0131k sonras\u0131 MR g\u00f6r\u00fcnt\u00fclenmesi ger\u00e7ekle\u015ftirilmi\u015ftir. Yap\u0131lan k\u0131ymetlendirme sonucunda sa\u011f art adalesinde k\u0131smi y\u0131rt\u0131k tespit edilen oyuncumuzun tedavisine ba\u015flanm\u0131\u015ft\u0131r.&#8221;<\/div>\n<\/p><\/div>\n<\/p><\/div>\n","protected":false},"excerpt":{"rendered":"<p>Galatasaray&#8217;a kar\u015f\u0131 kazan\u0131lan kupa zaferinin akabinde Fenerbah\u00e7e&#8217;de Levent Mercan&#8217;dan makus haber geldi.<\/p>\n","protected":false},"author":1,"featured_media":48575,"comment_status":"open","ping_status":"open","sticky":false,"template":"","format":"standard","meta":{"footnotes":""},"categories":[25],"tags":[],"class_list":["post-48574","post","type-post","status-publish","format-standard","has-post-thumbnail","hentry","category-futbol"],"_links":{"self":[{"href":"https:\/\/haberbesiktas.tr\/index.php?rest_route=\/wp\/v2\/posts\/48574","targetHints":{"allow":["GET"]}}],"collection":[{"href":"https:\/\/haberbesiktas.tr\/index.php?rest_route=\/wp\/v2\/posts"}],"about":[{"href":"https:\/\/haberbesiktas.tr\/index.php?rest_route=\/wp\/v2\/types\/post"}],"author":[{"embeddable":true,"href":"https:\/\/haberbesiktas.tr\/index.php?rest_route=\/wp\/v2\/users\/1"}],"replies":[{"embeddable":true,"href":"https:\/\/haberbesiktas.tr\/index.php?rest_route=%2Fwp%2Fv2%2Fcomments&post=48574"}],"version-history":[{"count":1,"href":"https:\/\/haberbesiktas.tr\/index.php?rest_route=\/wp\/v2\/posts\/48574\/revisions"}],"predecessor-version":[{"id":48576,"href":"https:\/\/haberbesiktas.tr\/index.php?rest_route=\/wp\/v2\/posts\/48574\/revisions\/48576"}],"wp:featuredmedia":[{"embeddable":true,"href":"https:\/\/haberbesiktas.tr\/index.php?rest_route=\/wp\/v2\/media\/48575"}],"wp:attachment":[{"href":"https:\/\/haberbesiktas.tr\/index.php?rest_route=%2Fwp%2Fv2%2Fmedia&parent=48574"}],"wp:term":[{"taxonomy":"category","embeddable":true,"href":"https:\/\/haberbesiktas.tr\/index.php?rest_route=%2Fwp%2Fv2%2Fcategories&post=48574"},{"taxonomy":"post_tag","embeddable":true,"href":"https:\/\/haberbesiktas.tr\/index.php?rest_route=%2Fwp%2Fv2%2Ftags&post=48574"}],"curies":[{"name":"wp","href":"https:\/\/api.w.org\/{rel}","templated":true}]}}