{"id":48584,"date":"2026-01-12T05:00:05","date_gmt":"2026-01-12T05:00:05","guid":{"rendered":"https:\/\/haberbesiktas.tr\/?p=48584"},"modified":"2026-01-12T05:00:05","modified_gmt":"2026-01-12T05:00:05","slug":"internacional-becao-icin-harekete-gecti","status":"publish","type":"post","link":"https:\/\/haberbesiktas.tr\/?p=48584","title":{"rendered":"Internacional, Becao i\u00e7in harekete ge\u00e7ti!"},"content":{"rendered":"<div>\n<div>Brezilya grubu Internacional, Fenerbah\u00e7e formas\u0131 giyen Rodrigo Becao&#8217;nun transferi i\u00e7in harekete ge\u00e7ti.<\/div>\n<div>\u00a0<\/div>\n<div>ESPN&#8217;in haberine nazaran taraflar ortas\u0131nda g\u00f6r\u00fc\u015fmelerin ba\u015flad\u0131\u011f\u0131 \u00f6\u011frenildi.<\/div>\n<div>\u00a0<\/div>\n<div><strong>S\u00d6ZLE\u015eMES\u0130 VE FENERBAH\u00c7E KARNES\u0130<\/strong><\/div>\n<div>\u00a0<\/div>\n<div>Fenerbah\u00e7e ile 38 resmi ma\u00e7a \u00e7\u0131kan Becao, 2 gol ve 1 asist ile ekibine katk\u0131 sa\u011flad\u0131.<\/div>\n<div>\u00a0<\/div>\n<div>Brezilyal\u0131 savunmac\u0131n\u0131n sar\u0131-lavicertlilerle 30 Haziran 2028&#8217;e kadar mukavelesi bulunuyor.<\/div>\n<\/p><\/div>\n","protected":false},"excerpt":{"rendered":"<p>Brezilya tak\u0131m\u0131 Internacional, Fenerbah\u00e7e&#8217;nin savunmac\u0131s\u0131 Rodrigo Becao&#8217;nun transferi i\u00e7in harekete ge\u00e7ti.<\/p>\n","protected":false},"author":1,"featured_media":48585,"comment_status":"open","ping_status":"open","sticky":false,"template":"","format":"standard","meta":{"footnotes":""},"categories":[25],"tags":[],"class_list":["post-48584","post","type-post","status-publish","format-standard","has-post-thumbnail","hentry","category-futbol"],"_links":{"self":[{"href":"https:\/\/haberbesiktas.tr\/index.php?rest_route=\/wp\/v2\/posts\/48584","targetHints":{"allow":["GET"]}}],"collection":[{"href":"https:\/\/haberbesiktas.tr\/index.php?rest_route=\/wp\/v2\/posts"}],"about":[{"href":"https:\/\/haberbesiktas.tr\/index.php?rest_route=\/wp\/v2\/types\/post"}],"author":[{"embeddable":true,"href":"https:\/\/haberbesiktas.tr\/index.php?rest_route=\/wp\/v2\/users\/1"}],"replies":[{"embeddable":true,"href":"https:\/\/haberbesiktas.tr\/index.php?rest_route=%2Fwp%2Fv2%2Fcomments&post=48584"}],"version-history":[{"count":1,"href":"https:\/\/haberbesiktas.tr\/index.php?rest_route=\/wp\/v2\/posts\/48584\/revisions"}],"predecessor-version":[{"id":48586,"href":"https:\/\/haberbesiktas.tr\/index.php?rest_route=\/wp\/v2\/posts\/48584\/revisions\/48586"}],"wp:featuredmedia":[{"embeddable":true,"href":"https:\/\/haberbesiktas.tr\/index.php?rest_route=\/wp\/v2\/media\/48585"}],"wp:attachment":[{"href":"https:\/\/haberbesiktas.tr\/index.php?rest_route=%2Fwp%2Fv2%2Fmedia&parent=48584"}],"wp:term":[{"taxonomy":"category","embeddable":true,"href":"https:\/\/haberbesiktas.tr\/index.php?rest_route=%2Fwp%2Fv2%2Fcategories&post=48584"},{"taxonomy":"post_tag","embeddable":true,"href":"https:\/\/haberbesiktas.tr\/index.php?rest_route=%2Fwp%2Fv2%2Ftags&post=48584"}],"curies":[{"name":"wp","href":"https:\/\/api.w.org\/{rel}","templated":true}]}}