{"id":48596,"date":"2026-01-12T05:48:04","date_gmt":"2026-01-12T05:48:04","guid":{"rendered":"https:\/\/haberbesiktas.tr\/?p=48596"},"modified":"2026-01-12T05:48:04","modified_gmt":"2026-01-12T05:48:04","slug":"trabzonspordan-al-nasra-gitti","status":"publish","type":"post","link":"https:\/\/haberbesiktas.tr\/?p=48596","title":{"rendered":"Trabzonspor&#8217;dan Al Nasr&#8217;a gitti"},"content":{"rendered":"<div><span>Trabzonspor, Serdar Saat\u00e7\u0131&#8217;n\u0131n BAE tak\u0131m\u0131 Al Nasr kul\u00fcb\u00fcne 2.5 milyon Euro sat\u0131n alma opsiyonuyla kiraland\u0131\u011f\u0131n\u0131 duyurdu.<\/p>\n<p><strong>Bordo mavili kul\u00fcpten KAP&#8217;a yap\u0131lan a\u00e7\u0131klama \u015f\u00f6yle:<\/strong><\/p>\n<p>\u00a0&#8220;Profesyonel futbolcumuz Serdar\u00a0Saat\u00e7\u0131&#8217;n\u0131n, Al Nasr Kul\u00fcb\u00fc&#8217;ne, 2.500.000.-EUR sat\u0131n alma opsiyonlu olarak,\u00a02025-2026 futbol d\u00f6nemi ikinci yar\u0131s\u0131 i\u00e7in s\u00fcreksiz transferi konusunda anla\u015fma\u00a0sa\u011flanm\u0131\u015ft\u0131r. Mutabakata nazaran, oyuncunun t\u00fcm maliyetleri Al Nasr Kul\u00fcb\u00fc\u00a0taraf\u0131ndan kar\u015f\u0131lanacakt\u0131r.&#8221;<\/span><\/div>\n","protected":false},"excerpt":{"rendered":"<p>Trabzonspor, Serdar Saat\u00e7\u0131&#8217;n\u0131n BAE grubu Al Nasr kul\u00fcb\u00fcne sat\u0131n alma opsiyonuyla kiraland\u0131\u011f\u0131n\u0131 duyurdu.<\/p>\n","protected":false},"author":1,"featured_media":48597,"comment_status":"open","ping_status":"open","sticky":false,"template":"","format":"standard","meta":{"footnotes":""},"categories":[25],"tags":[],"class_list":["post-48596","post","type-post","status-publish","format-standard","has-post-thumbnail","hentry","category-futbol"],"_links":{"self":[{"href":"https:\/\/haberbesiktas.tr\/index.php?rest_route=\/wp\/v2\/posts\/48596","targetHints":{"allow":["GET"]}}],"collection":[{"href":"https:\/\/haberbesiktas.tr\/index.php?rest_route=\/wp\/v2\/posts"}],"about":[{"href":"https:\/\/haberbesiktas.tr\/index.php?rest_route=\/wp\/v2\/types\/post"}],"author":[{"embeddable":true,"href":"https:\/\/haberbesiktas.tr\/index.php?rest_route=\/wp\/v2\/users\/1"}],"replies":[{"embeddable":true,"href":"https:\/\/haberbesiktas.tr\/index.php?rest_route=%2Fwp%2Fv2%2Fcomments&post=48596"}],"version-history":[{"count":1,"href":"https:\/\/haberbesiktas.tr\/index.php?rest_route=\/wp\/v2\/posts\/48596\/revisions"}],"predecessor-version":[{"id":48598,"href":"https:\/\/haberbesiktas.tr\/index.php?rest_route=\/wp\/v2\/posts\/48596\/revisions\/48598"}],"wp:featuredmedia":[{"embeddable":true,"href":"https:\/\/haberbesiktas.tr\/index.php?rest_route=\/wp\/v2\/media\/48597"}],"wp:attachment":[{"href":"https:\/\/haberbesiktas.tr\/index.php?rest_route=%2Fwp%2Fv2%2Fmedia&parent=48596"}],"wp:term":[{"taxonomy":"category","embeddable":true,"href":"https:\/\/haberbesiktas.tr\/index.php?rest_route=%2Fwp%2Fv2%2Fcategories&post=48596"},{"taxonomy":"post_tag","embeddable":true,"href":"https:\/\/haberbesiktas.tr\/index.php?rest_route=%2Fwp%2Fv2%2Ftags&post=48596"}],"curies":[{"name":"wp","href":"https:\/\/api.w.org\/{rel}","templated":true}]}}